{"id":18759,"date":"2020-04-03T08:57:22","date_gmt":"2020-04-03T06:57:22","guid":{"rendered":"https:\/\/checkinblog.it\/es\/?p=18759"},"modified":"2021-06-25T12:09:51","modified_gmt":"2021-06-25T10:09:51","slug":"que-ver-en-leon-espana-del-norte","status":"publish","type":"post","link":"https:\/\/checkinblog.it\/es\/que-ver-en-leon-espana-del-norte\/","title":{"rendered":"Le\u00f3n (Espa\u00f1a del norte). Consejos sobre los lugares que no hay que perder, d\u00f3nde comer t\u00edpico, donde alojar y c\u00f3mo llegar"},"content":{"rendered":"<p>Mi viaje por la <strong>provincia de Le\u00f3n<\/strong> empieza visitando su capital hom\u00f3nima, una importante <strong>ciudad de origen romano<\/strong>, <strong>llena de historia y cultura<\/strong> y con una <strong>tradici\u00f3n gastron\u00f3mica <\/strong>relevante. Adem\u00e1s es <strong>etapa del Camino franc\u00e9s hasta Santiago de Compostela<\/strong> (otro punto de paso obligado es la <a href=\"https:\/\/checkinblog.it\/es\/que-ver-en-ponferrada-en-un-dia-espana-del-norte\/\" target=\"_blank\" rel=\"noopener noreferrer\"><span style=\"color: #000080;\"><em><strong>ciudad de Ponferrada<\/strong><\/em><\/span><\/a>)y por eso es f\u00e1cil encontrar muchos peregrinos por su casco hist\u00f3rico.<\/p>\n<p style=\"text-align: center;\">&#8212;&gt; <em><a href=\"https:\/\/www.civitatis.com\/es\/leon\/?aid=4261\" target=\"_blank\" rel=\"noopener\"><span style=\"color: #000080;\"><strong>Mejores visitas guiadas y actividades para descubrir<\/strong><strong> Le\u00f3n<\/strong><\/span><\/a><\/em><strong> &lt;&#8212;<\/strong><\/p>\n<p>Este art\u00edculo va a ser divido en dos p\u00e1rrafos:<\/p>\n<ul>\n<li><em>ubicaci\u00f3n geogr\u00e1fica<\/em>, <em>clima <\/em>y <em>c\u00f3mo llegar en transporte p\u00fablico<\/em>;<\/li>\n<li><em>qu\u00e9 ver <\/em>y <em>qu\u00e9 comer t\u00edpico<\/em>.<\/li>\n<\/ul>\n<p>&nbsp;<\/p>\n<p>&nbsp;<\/p>\n<h2><span style=\"color: #000080;\">Visitar Le\u00f3n en Espa\u00f1a: ubicaci\u00f3n, clima y c\u00f3mo llegar en autob\u00fas y tre<\/span><strong>n<\/strong><strong>\u00a0<\/strong><\/h2>\n<p>La ciudad se encuentra en la <strong>parte norte de Castilla y Le\u00f3n<\/strong>, en una posici\u00f3n estrat\u00e9gica ya que es <strong>paso obligado hacia Galicia y Asturias<\/strong>. Est\u00e1 situada en la confluencia de los r\u00edos Bernesga y Tor\u00edo, a una <strong>altitud de 840 msnm<\/strong>.<\/p>\n<p>El <strong>clima<\/strong> es <strong>oce\u00e1nico mediterr\u00e1neo<\/strong>, con veranos calurosos pero suavizados gracias a la altitud y generalmente bastante cortos. Los <strong>inviernos<\/strong> suelen ser <strong>fr\u00edos con heladas frecuentes<\/strong> <strong>y<\/strong> con <strong>posibilidad de nevadas<\/strong>.<\/p>\n<p><strong>Le\u00f3n est\u00e1 muy bien comunicada en transporte p\u00fablico<\/strong> con el <strong>noroeste <\/strong> y el <strong>centro de Espa\u00f1a<\/strong>, con <strong>autobuses interurbanos <\/strong>y <strong>trenes <\/strong>(tambi\u00e9n <strong>de alta velocidad<\/strong>):<\/p>\n<ul>\n<li><strong>Burgos<\/strong> (a unos 180 Kms), un par de horas tanto en b\u00fas como en tren;<\/li>\n<li><strong>Santander <\/strong>(a 265 Kms), poco m\u00e1s de 4 horas en tren;<\/li>\n<li><strong>Santiago de Compostela<\/strong> (a 315 Kms), unas 5-6 horas en ambos medios de transporte;<\/li>\n<li><strong>Bilbao <\/strong>(a 330 Kms), m\u00e1s de 4 horas en tren o b\u00fas;<\/li>\n<li><strong>Madrid<\/strong> (a 350 Kms), unas 2 horas en tren y 3-4 horas an autob\u00fas.<\/li>\n<\/ul>\n<p>&nbsp;<\/p>\n<p>Para <strong>comparar horarios y precios<\/strong> y <strong>reservar billetes de tren y autob\u00fas<\/strong> pod\u00e9is utilizar el <a href=\"https:\/\/www.anrdoezrs.net\/click-7782530-13504015\" target=\"_blank\" rel=\"noopener noreferrer\"><span style=\"color: #000080;\"><strong><em>buscador de viajes Omio<\/em><\/strong><\/span><\/a>.<\/p>\n<p>&nbsp;<\/p>\n<p>&nbsp;<\/p>\n<h2><span style=\"color: #000080;\">Qu\u00e9 ver a Le\u00f3n en un d\u00eda<\/span><strong>\u00a0<\/strong><\/h2>\n<p>La ciudad me encant\u00f3 de verdad y <strong>un d\u00eda entero fue bastante para visitarla<\/strong>. De hecho, las <strong>principales atracciones tur\u00edsticas <\/strong>se encuentran todas en pleno <strong>centro<\/strong> (casi totalmente <em>peatonal<\/em>) mientras las <strong>estaciones de autob\u00fas y ferrocarril <\/strong>est\u00e1n en las afueras, <strong>a unos 20-25 minutos a pie del casco viejo<\/strong>.<\/p>\n<p>En este <strong>mapa<\/strong> he evidenciado los <strong>lugares m\u00e1s emblem\u00e1ticos de Le\u00f3n<\/strong> para ayudaros a planear vuestra visita. En mi caso, el itinerario empieza desde el <a href=\"https:\/\/www.booking.com\/hotel\/es\/husaalfonzov.es.html?aid=1139242&amp;no_rooms=1&amp;group_adults=2\" target=\"_blank\" rel=\"noopener noreferrer\"><span style=\"color: #000080;\"><strong><em>Hotel Sercotel Alfonso V<\/em><\/strong><\/span><\/a>, ubicado a unos pasos del centro ciudad y donde me he quedado un par de noches (un d\u00eda lo he dedicado para hacer una <strong><a href=\"https:\/\/checkinblog.it\/es\/que-ver-en-astorga-castilla-y-leon-espana\/\" target=\"_blank\" rel=\"noopener noreferrer\"><span style=\"color: #000080;\"><em>excursi\u00f3n a Astorga<\/em><\/span><\/a><\/strong>).<\/p>\n<p>Adem\u00e1s tambi\u00e9n hay <strong>free<\/strong> <strong>tour guiados<\/strong> que permiten descubrir todos sus tesoros art\u00edsticos y arquitect\u00f3nicos. Para saber m\u00e1s sobre el recorrido y <strong>reservas online<\/strong> pod\u00e9is echar un vistazo a <a href=\"https:\/\/www.civitatis.com\/es\/leon\/free-tour-leon?aid=4261\" target=\"_blank\" rel=\"noopener noreferrer\"><span style=\"color: #000080;\"><em><strong>esta p\u00e1gina<\/strong><\/em><\/span><\/a>.<\/p>\n<figure id=\"attachment_18777\" aria-describedby=\"caption-attachment-18777\" style=\"width: 900px\" class=\"wp-caption aligncenter\"><a href=\"https:\/\/checkinblog.it\/wp-content\/uploads\/2020\/03\/mapa-turistico-atracciones-leon-espana-del-norte.jpg\"><img fetchpriority=\"high\" decoding=\"async\" class=\"size-full wp-image-18777\" src=\"https:\/\/checkinblog.it\/wp-content\/uploads\/2020\/03\/mapa-turistico-atracciones-leon-espana-del-norte.jpg\" alt=\"Plan para visitar Le\u00f3n en un d\u00eda entero - Espa\u00f1a del norte\" width=\"900\" height=\"589\" srcset=\"https:\/\/checkinblog.it\/wp-content\/uploads\/2020\/03\/mapa-turistico-atracciones-leon-espana-del-norte.jpg 900w, https:\/\/checkinblog.it\/wp-content\/uploads\/2020\/03\/mapa-turistico-atracciones-leon-espana-del-norte-300x196.jpg 300w\" sizes=\"(max-width: 900px) 100vw, 900px\" \/><\/a><figcaption id=\"caption-attachment-18777\" class=\"wp-caption-text\">Mapa tur\u00edstico de Le\u00f3n<\/figcaption><\/figure>\n<p>&nbsp;<\/p>\n<p style=\"text-align: center;\">&#8212;&gt; <span style=\"color: #000080;\"><a style=\"color: #000080;\" href=\"https:\/\/www.civitatis.com\/es\/leon\/?aid=4261\" target=\"_blank\" rel=\"noopener\"><em><strong>Top actividades para visitar Le\u00f3n<\/strong><\/em><\/a><\/span> &lt;&#8212;<\/p>\n<p>&nbsp;<\/p>\n<h3><span style=\"color: #000080;\">Casa Botines-Museo Gaud\u00ed<\/span><\/h3>\n<p>Es <strong>uno de los tres edificios realizados por Antoni Gaud\u00ed fuera de Catalu\u00f1a<\/strong>, los otros dos son el <em>Palacio Episcopal<\/em> de Astorga y el \u201c<em>Capricho<\/em>\u201d de Comilla en Cantabria.<\/p>\n<p>En 1886, los comerciantes <em>Sim\u00f3n Fern\u00e1ndez <\/em>y<em> Mariano Andr\u00e9s<\/em> consiguen la autorizaci\u00f3n para construir un <strong>nuevo edificio en Le\u00f3n<\/strong> que les permitiera ampliar su negocio. El empresario Eusebi G\u00fcell les pone en contacto con Gaud\u00ed y el a\u00f1o siguiente el arquitecto catalano recibe el encargo. \u00c9l dise\u00f1a un <strong>palacio de siete plantas<\/strong> inspir\u00e1ndose al <strong>estilo arquitect\u00f3nico de los edificios de la burgues\u00eda barcelonesa y francesa<\/strong>. La planta baja est\u00e1 destinada al negocio, el s\u00f3tano al almac\u00e9n, la primera planta a los propietarios mientras las plantas superiores est\u00e1n disponibles para alquilar.<\/p>\n<p>Las <strong>obras empezaron en 1892<\/strong> y terminaron un a\u00f1o despu\u00e9s. Su <strong>aspecto exterior<\/strong> es lo que sorprende m\u00e1s a los visitantes: su forma y el uso de la piedra recuerdan una <strong>fortaleza medieval<\/strong> <strong>con ventanas muy parecidas a las vidrieras de la Catedral de Le\u00f3n<\/strong>, <strong>cuatro torreones<\/strong> laterales que sirven para iluminar las esquinas del edificio y por \u00faltimo el <strong>foso<\/strong> para que el s\u00f3tano tambi\u00e9n reciba m\u00e1s luz.<\/p>\n<figure id=\"attachment_18779\" aria-describedby=\"caption-attachment-18779\" style=\"width: 900px\" class=\"wp-caption aligncenter\"><a href=\"https:\/\/checkinblog.it\/wp-content\/uploads\/2020\/03\/que-visitar-en-leon-espana-casa-botines-gaudi.jpg\"><img decoding=\"async\" class=\"size-full wp-image-18779 lazyload\" data-src=\"https:\/\/checkinblog.it\/wp-content\/uploads\/2020\/03\/que-visitar-en-leon-espana-casa-botines-gaudi.jpg\" alt=\"Fachada de Casa Botines en Le\u00f3n (Espa\u00f1a del norte)\" width=\"900\" height=\"675\" data-srcset=\"https:\/\/checkinblog.it\/wp-content\/uploads\/2020\/03\/que-visitar-en-leon-espana-casa-botines-gaudi.jpg 900w, https:\/\/checkinblog.it\/wp-content\/uploads\/2020\/03\/que-visitar-en-leon-espana-casa-botines-gaudi-300x225.jpg 300w\" data-sizes=\"(max-width: 900px) 100vw, 900px\" src=\"data:image\/svg+xml;base64,PHN2ZyB3aWR0aD0iMSIgaGVpZ2h0PSIxIiB4bWxucz0iaHR0cDovL3d3dy53My5vcmcvMjAwMC9zdmciPjwvc3ZnPg==\" style=\"--smush-placeholder-width: 900px; --smush-placeholder-aspect-ratio: 900\/675;\" \/><\/a><figcaption id=\"caption-attachment-18779\" class=\"wp-caption-text\">Fachada de Casa Botines<\/figcaption><\/figure>\n<p><strong>Fue la primera casa dise\u00f1ada por Gaud\u00ed<\/strong> y \u00e9l aprovech\u00f3 de eso para poner en pr\u00e1ctica alguna de sus modernas y curiosas novedades estructurales que luego \u201cmejor\u00f3\u201d y utiliz\u00f3 en sus posteriores edificios. <a href=\"https:\/\/www.casabotines.es\/\" target=\"_blank\" rel=\"noopener noreferrer\"><span style=\"color: #000080;\"><strong><em>Casa Botines<\/em><\/strong><\/span><\/a> fue declarada <strong>Monumento Hist\u00f3rico Nacional en 1969<\/strong>.<\/p>\n<p>En su interior se encuentra el <strong>Museo Gaud\u00ed<\/strong>, un <strong>centro de investigaci\u00f3n, conservaci\u00f3n y exposici\u00f3n del patrimonio hist\u00f3rico-art\u00edstico<\/strong> de la ciudad y por supuesto del genio catalano. Aparte de eso, la visita \u2013 posible tambi\u00e9n con gu\u00eda en espa\u00f1ol e ingl\u00e9s \u2013 permite ver las recreaciones de la tienda de telas de 1892 y de la oficina bancaria de 1931 (la casa cambi\u00f3 de propietarios en 1929). En las plantas superiores hay \u00e1reas multiusos para eventos, seminarios y actividades culturales. Adem\u00e1s, se puede observar una <strong>colecci\u00f3n de pinturas de los siglos XIX-XX<\/strong> \u2013 incluida la \u201c<strong><em>Divina Commedia<\/em><\/strong>\u201d <strong>ilustrada por Dal\u00ed<\/strong> \u2013 y acceder al torre\u00f3n original de 1893.<\/p>\n<figure id=\"attachment_18773\" aria-describedby=\"caption-attachment-18773\" style=\"width: 900px\" class=\"wp-caption aligncenter\"><a href=\"https:\/\/checkinblog.it\/wp-content\/uploads\/2020\/03\/tour-guiado-casa-botines-gaudi-castilla-y-leon-espana.jpg\"><img decoding=\"async\" class=\"size-full wp-image-18773 lazyload\" data-src=\"https:\/\/checkinblog.it\/wp-content\/uploads\/2020\/03\/tour-guiado-casa-botines-gaudi-castilla-y-leon-espana.jpg\" alt=\"Visita Museo Gaud\u00ed en Le\u00f3n (Casa Botines)\" width=\"900\" height=\"675\" data-srcset=\"https:\/\/checkinblog.it\/wp-content\/uploads\/2020\/03\/tour-guiado-casa-botines-gaudi-castilla-y-leon-espana.jpg 900w, https:\/\/checkinblog.it\/wp-content\/uploads\/2020\/03\/tour-guiado-casa-botines-gaudi-castilla-y-leon-espana-300x225.jpg 300w\" data-sizes=\"(max-width: 900px) 100vw, 900px\" src=\"data:image\/svg+xml;base64,PHN2ZyB3aWR0aD0iMSIgaGVpZ2h0PSIxIiB4bWxucz0iaHR0cDovL3d3dy53My5vcmcvMjAwMC9zdmciPjwvc3ZnPg==\" style=\"--smush-placeholder-width: 900px; --smush-placeholder-aspect-ratio: 900\/675;\" \/><\/a><figcaption id=\"caption-attachment-18773\" class=\"wp-caption-text\">Recreaci\u00f3n tienda de telas (1892)<\/figcaption><\/figure>\n<figure id=\"attachment_18772\" aria-describedby=\"caption-attachment-18772\" style=\"width: 900px\" class=\"wp-caption aligncenter\"><a href=\"https:\/\/checkinblog.it\/wp-content\/uploads\/2020\/03\/que-ver-en-leon-en-1-dia-casa-botines.jpg\"><img decoding=\"async\" class=\"size-full wp-image-18772 lazyload\" data-src=\"https:\/\/checkinblog.it\/wp-content\/uploads\/2020\/03\/que-ver-en-leon-en-1-dia-casa-botines.jpg\" alt=\"Visita de Casa Botines-Museo Gaud\u00ed en Le\u00f3n\" width=\"900\" height=\"600\" data-srcset=\"https:\/\/checkinblog.it\/wp-content\/uploads\/2020\/03\/que-ver-en-leon-en-1-dia-casa-botines.jpg 900w, https:\/\/checkinblog.it\/wp-content\/uploads\/2020\/03\/que-ver-en-leon-en-1-dia-casa-botines-300x200.jpg 300w\" data-sizes=\"(max-width: 900px) 100vw, 900px\" src=\"data:image\/svg+xml;base64,PHN2ZyB3aWR0aD0iMSIgaGVpZ2h0PSIxIiB4bWxucz0iaHR0cDovL3d3dy53My5vcmcvMjAwMC9zdmciPjwvc3ZnPg==\" style=\"--smush-placeholder-width: 900px; --smush-placeholder-aspect-ratio: 900\/600;\" \/><\/a><figcaption id=\"caption-attachment-18772\" class=\"wp-caption-text\">Visita de Casa Botines<\/figcaption><\/figure>\n<figure id=\"attachment_18776\" aria-describedby=\"caption-attachment-18776\" style=\"width: 900px\" class=\"wp-caption aligncenter\"><a href=\"https:\/\/checkinblog.it\/wp-content\/uploads\/2020\/03\/visita-torreon-casa-botines-museo-gaudi-leon.jpg\"><img decoding=\"async\" class=\"size-full wp-image-18776 lazyload\" data-src=\"https:\/\/checkinblog.it\/wp-content\/uploads\/2020\/03\/visita-torreon-casa-botines-museo-gaudi-leon.jpg\" alt=\"Edificios dise\u00f1ados por Gaud\u00ed fuera de Barcelona - Casa Botines (Castilla y Le\u00f3n)\" width=\"900\" height=\"600\" data-srcset=\"https:\/\/checkinblog.it\/wp-content\/uploads\/2020\/03\/visita-torreon-casa-botines-museo-gaudi-leon.jpg 900w, https:\/\/checkinblog.it\/wp-content\/uploads\/2020\/03\/visita-torreon-casa-botines-museo-gaudi-leon-300x200.jpg 300w\" data-sizes=\"(max-width: 900px) 100vw, 900px\" src=\"data:image\/svg+xml;base64,PHN2ZyB3aWR0aD0iMSIgaGVpZ2h0PSIxIiB4bWxucz0iaHR0cDovL3d3dy53My5vcmcvMjAwMC9zdmciPjwvc3ZnPg==\" style=\"--smush-placeholder-width: 900px; --smush-placeholder-aspect-ratio: 900\/600;\" \/><\/a><figcaption id=\"caption-attachment-18776\" class=\"wp-caption-text\">Torre\u00f3n de Casa Botines<\/figcaption><\/figure>\n<p>&nbsp;<\/p>\n<h3><span style=\"color: #000080;\">Palacio de los Guzmanes y Plaza de San Marcelo<\/span><\/h3>\n<p>Desde <strong>Plaza de San Marcelo<\/strong> hay una vista preciosa de Casa Botines y del <strong>Palacio de los Guzmanes<\/strong> que est\u00e1 ubicado justo a su lado. Este palacio, considerado <strong>uno de los mejores ejemplos de arquitectura palaciega del renacimiento espa\u00f1ol<\/strong>, fue mandado por la familia noble leonesa y se construy\u00f3 entre el 1577 y el siglo XVIII. Hoy es la <strong>sede de la Diputaci\u00f3n Provincial de Le\u00f3n<\/strong>.<\/p>\n<p>En el jard\u00edn que separa <em>Plaza de San Marcelo <\/em>de la <em>Calle Ancha<\/em> se ha puesto un <strong>modelo de la ciudad<\/strong> que muestra las fases de su desarrollo urbano, <strong>desde sus<\/strong> <strong>or\u00edgines romanos<\/strong> como campamento militar de la <em>Legio VII Gemina<\/em> <strong>hasta el d\u00eda de hoy<\/strong>. Tambi\u00e9n se notan las murallas romanas y aquellas de \u00e9poca medieval (siglo XIV).<\/p>\n<figure id=\"attachment_18763\" aria-describedby=\"caption-attachment-18763\" style=\"width: 900px\" class=\"wp-caption aligncenter\"><a href=\"https:\/\/checkinblog.it\/wp-content\/uploads\/2020\/03\/24-horas-en-leon-palacio-guzmanes-espana-del-norte.jpg\"><img decoding=\"async\" class=\"size-full wp-image-18763 lazyload\" data-src=\"https:\/\/checkinblog.it\/wp-content\/uploads\/2020\/03\/24-horas-en-leon-palacio-guzmanes-espana-del-norte.jpg\" alt=\"Itinerario para visitar Le\u00f3n - Palacio de los Guzmanes\" width=\"900\" height=\"675\" data-srcset=\"https:\/\/checkinblog.it\/wp-content\/uploads\/2020\/03\/24-horas-en-leon-palacio-guzmanes-espana-del-norte.jpg 900w, https:\/\/checkinblog.it\/wp-content\/uploads\/2020\/03\/24-horas-en-leon-palacio-guzmanes-espana-del-norte-300x225.jpg 300w\" data-sizes=\"(max-width: 900px) 100vw, 900px\" src=\"data:image\/svg+xml;base64,PHN2ZyB3aWR0aD0iMSIgaGVpZ2h0PSIxIiB4bWxucz0iaHR0cDovL3d3dy53My5vcmcvMjAwMC9zdmciPjwvc3ZnPg==\" style=\"--smush-placeholder-width: 900px; --smush-placeholder-aspect-ratio: 900\/675;\" \/><\/a><figcaption id=\"caption-attachment-18763\" class=\"wp-caption-text\">Palacio de los Guzmanes<\/figcaption><\/figure>\n<p>&nbsp;<\/p>\n<h3><span style=\"color: #000080;\">Calle Ancha y la Catedral de Le\u00f3n<\/span><\/h3>\n<p>La <strong>Calle Ancha<\/strong> es la <strong>v\u00eda peatonal que cruza el casco viejo<\/strong>, el punto de encuentro de los ciudadanos y lugar de paso de los tur\u00edstas. Asimismo, es el <strong>eje comercial de la ciudad <\/strong>con bares, restaurantes y muchas <strong>tiendas<\/strong>, algunas de las cuales llevan m\u00e1s de 50 a\u00f1os de funcionamiento.<\/p>\n<p>En ambos lados de la calle hay <strong>paneles informativos<\/strong> ubicados en los sitios de las <strong>antiguas puertas de acceso y otras costrucciones de la \u00e9poca romana<\/strong>. Tambi\u00e9n se pueden mirar algunos <strong>edificios modernistas de principios del siglo XX<\/strong> que fueron levantados por la alta borgues\u00eda que deseaba trasladarse a la zona m\u00e1s c\u00e9ntrica e importante de la ciudad.<\/p>\n<figure id=\"attachment_18765\" aria-describedby=\"caption-attachment-18765\" style=\"width: 900px\" class=\"wp-caption aligncenter\"><a href=\"https:\/\/checkinblog.it\/wp-content\/uploads\/2020\/03\/arquitectura-modernista-calle-ancha-leon-espana.jpg\"><img decoding=\"async\" class=\"size-full wp-image-18765 lazyload\" data-src=\"https:\/\/checkinblog.it\/wp-content\/uploads\/2020\/03\/arquitectura-modernista-calle-ancha-leon-espana.jpg\" alt=\"Arquitectura modernista en el casco hist\u00f3rico de Le\u00f3n (calle Ancha)\" width=\"900\" height=\"675\" data-srcset=\"https:\/\/checkinblog.it\/wp-content\/uploads\/2020\/03\/arquitectura-modernista-calle-ancha-leon-espana.jpg 900w, https:\/\/checkinblog.it\/wp-content\/uploads\/2020\/03\/arquitectura-modernista-calle-ancha-leon-espana-300x225.jpg 300w\" data-sizes=\"(max-width: 900px) 100vw, 900px\" src=\"data:image\/svg+xml;base64,PHN2ZyB3aWR0aD0iMSIgaGVpZ2h0PSIxIiB4bWxucz0iaHR0cDovL3d3dy53My5vcmcvMjAwMC9zdmciPjwvc3ZnPg==\" style=\"--smush-placeholder-width: 900px; --smush-placeholder-aspect-ratio: 900\/675;\" \/><\/a><figcaption id=\"caption-attachment-18765\" class=\"wp-caption-text\">Edificios modernistas en calle Ancha<\/figcaption><\/figure>\n<p>La <em>calle Ancha<\/em> acaba en <strong>Plaza de la Regla<\/strong>, dominada por la <strong>Catedral de Le\u00f3n<\/strong>, <strong>uno de los templos g\u00f3ticos m\u00e1s bonitos de Espa\u00f1a<\/strong>. Fue levantado sobre la antigua Catedral rom\u00e1nica, en los solares donde en pasado estaban las termas romanas (siglo II).<\/p>\n<p>Su construcci\u00f3n empez\u00f3 en 1205 y termin\u00f3 alrededor de 1302. Trabajaron varios arquitectos, algunos de origen franc\u00e9s, y eso explica la <strong>similitud entre esta catedral y las de Reims, Notre Dame y Saint Denis<\/strong>. La caracter\u00edstica que m\u00e1s llama la atenci\u00f3n es la <strong>maravillosa fachada y sus dos torres de diferentes alturas<\/strong> \u2013 65 m y 68 m \u2013 que aparecen separadas de la nave central para permitir una mayor iluminaci\u00f3n natural de los espacios internos.<\/p>\n<figure id=\"attachment_18780\" aria-describedby=\"caption-attachment-18780\" style=\"width: 900px\" class=\"wp-caption aligncenter\"><a href=\"https:\/\/checkinblog.it\/wp-content\/uploads\/2020\/03\/viaje-en-espana-del-norte-catedral-de-leon.jpg\"><img decoding=\"async\" class=\"size-full wp-image-18780 lazyload\" data-src=\"https:\/\/checkinblog.it\/wp-content\/uploads\/2020\/03\/viaje-en-espana-del-norte-catedral-de-leon.jpg\" alt=\"Qu\u00e9 ver en Le\u00f3n: su Catedral g\u00f3tica\" width=\"900\" height=\"675\" data-srcset=\"https:\/\/checkinblog.it\/wp-content\/uploads\/2020\/03\/viaje-en-espana-del-norte-catedral-de-leon.jpg 900w, https:\/\/checkinblog.it\/wp-content\/uploads\/2020\/03\/viaje-en-espana-del-norte-catedral-de-leon-300x225.jpg 300w\" data-sizes=\"(max-width: 900px) 100vw, 900px\" src=\"data:image\/svg+xml;base64,PHN2ZyB3aWR0aD0iMSIgaGVpZ2h0PSIxIiB4bWxucz0iaHR0cDovL3d3dy53My5vcmcvMjAwMC9zdmciPjwvc3ZnPg==\" style=\"--smush-placeholder-width: 900px; --smush-placeholder-aspect-ratio: 900\/675;\" \/><\/a><figcaption id=\"caption-attachment-18780\" class=\"wp-caption-text\">Catedral de Le\u00f3n<\/figcaption><\/figure>\n<p>Sin embargo, el elemento m\u00e1s importante de la Catedral son sus <strong>737 vidrieras realizadas entre los siglos XIII-XX<\/strong> que ocupan una <strong>superficie de casi 1800 metros cuadrados<\/strong>. El <strong>coro<\/strong>, con sus sillas de nogal tallado, es el <strong>m\u00e1s antiguo de Espa\u00f1a<\/strong> (siglo XV). En el <strong>retablo mayor<\/strong>, realizado en la misma \u00e9poca, se representa la vida de <strong>San Froil\u00e1n<\/strong>, el <strong>patr\u00f3n <\/strong>de las <strong>di\u00f3cesis de Le\u00f3n<\/strong> y de la <strong>provincia de Lugo<\/strong>. Otro lugar emblem\u00e1tico es la <strong>Capilla de la Virgen de la Esperanza<\/strong>, presidida por la escultura en piedra del siglo XIII de la Virgen con el Ni\u00f1o Dios en su ventre.<\/p>\n<figure id=\"attachment_18781\" aria-describedby=\"caption-attachment-18781\" style=\"width: 900px\" class=\"wp-caption aligncenter\"><a href=\"https:\/\/checkinblog.it\/wp-content\/uploads\/2020\/03\/vidrieras-catedral-leon-espana-del-norte.jpg\"><img decoding=\"async\" class=\"size-full wp-image-18781 lazyload\" data-src=\"https:\/\/checkinblog.it\/wp-content\/uploads\/2020\/03\/vidrieras-catedral-leon-espana-del-norte.jpg\" alt=\"Qu\u00e9 ver en la Catedral de Le\u00f3n en el norte de Espa\u00f1a\" width=\"900\" height=\"675\" data-srcset=\"https:\/\/checkinblog.it\/wp-content\/uploads\/2020\/03\/vidrieras-catedral-leon-espana-del-norte.jpg 900w, https:\/\/checkinblog.it\/wp-content\/uploads\/2020\/03\/vidrieras-catedral-leon-espana-del-norte-300x225.jpg 300w\" data-sizes=\"(max-width: 900px) 100vw, 900px\" src=\"data:image\/svg+xml;base64,PHN2ZyB3aWR0aD0iMSIgaGVpZ2h0PSIxIiB4bWxucz0iaHR0cDovL3d3dy53My5vcmcvMjAwMC9zdmciPjwvc3ZnPg==\" style=\"--smush-placeholder-width: 900px; --smush-placeholder-aspect-ratio: 900\/675;\" \/><\/a><figcaption id=\"caption-attachment-18781\" class=\"wp-caption-text\">Vidrieras de la Catedral leonesa<\/figcaption><\/figure>\n<figure id=\"attachment_18774\" aria-describedby=\"caption-attachment-18774\" style=\"width: 900px\" class=\"wp-caption aligncenter\"><a href=\"https:\/\/checkinblog.it\/wp-content\/uploads\/2020\/03\/visita-catedral-gotica-de-leon-espana.jpg\"><img decoding=\"async\" class=\"size-full wp-image-18774 lazyload\" data-src=\"https:\/\/checkinblog.it\/wp-content\/uploads\/2020\/03\/visita-catedral-gotica-de-leon-espana.jpg\" alt=\"Capilla de la Virgen de la Esperanza - Catedral de Le\u00f3n (Espa\u00f1a)\" width=\"900\" height=\"675\" data-srcset=\"https:\/\/checkinblog.it\/wp-content\/uploads\/2020\/03\/visita-catedral-gotica-de-leon-espana.jpg 900w, https:\/\/checkinblog.it\/wp-content\/uploads\/2020\/03\/visita-catedral-gotica-de-leon-espana-300x225.jpg 300w\" data-sizes=\"(max-width: 900px) 100vw, 900px\" src=\"data:image\/svg+xml;base64,PHN2ZyB3aWR0aD0iMSIgaGVpZ2h0PSIxIiB4bWxucz0iaHR0cDovL3d3dy53My5vcmcvMjAwMC9zdmciPjwvc3ZnPg==\" style=\"--smush-placeholder-width: 900px; --smush-placeholder-aspect-ratio: 900\/675;\" \/><\/a><figcaption id=\"caption-attachment-18774\" class=\"wp-caption-text\">Capilla de la Virgen de la Esperanza<\/figcaption><\/figure>\n<p>Los <strong>horarios de la Catedral de Le\u00f3n<\/strong> cambian seg\u00fan la \u00e9poca del a\u00f1o. En general est\u00e1 cerrada al p\u00fablico entre las 13:30-14, las 16-17 y las 19-20. Hay varias <strong>entradas<\/strong> \u2013 individuales, para grupos y reducidas \u2013 que pueden incluir tambi\u00e9n la entrata al <strong>Museo<\/strong> y al <strong>claustro<\/strong>. Adem\u00e1s, es posible <strong>visitar la<\/strong> <strong>Catedral con gu\u00eda\u00a0<\/strong>y todas las informaciones est\u00e1n <a href=\"https:\/\/www.civitatis.com\/es\/leon\/visita-guiada-catedral-leon?aid=4261\" target=\"_blank\" rel=\"noopener noreferrer\"><span style=\"color: #000080;\"><strong><em>disponibles aqu\u00ed<\/em><\/strong><\/span><\/a>.<\/p>\n<p>Otros edificios que miran hacia la Catedral son la <strong>Casa de Correos y Tel\u00e9grafos<\/strong>, que destaca por su torre\u00f3n, y el <strong>Palacio Episcopal<\/strong> situado al lado opuesto de la plaza.<\/p>\n<figure id=\"attachment_18467\" aria-describedby=\"caption-attachment-18467\" style=\"width: 900px\" class=\"wp-caption aligncenter\"><a href=\"https:\/\/checkinblog.it\/wp-content\/uploads\/2020\/02\/antigua-casa-correos-telegrafos-plaza-de-la-regla-leon.jpg\"><img decoding=\"async\" class=\"size-full wp-image-18467 lazyload\" data-src=\"https:\/\/checkinblog.it\/wp-content\/uploads\/2020\/02\/antigua-casa-correos-telegrafos-plaza-de-la-regla-leon.jpg\" alt=\"Visita del centro storico di Le\u00f3n - Spagna settentrionale\" width=\"900\" height=\"675\" data-srcset=\"https:\/\/checkinblog.it\/wp-content\/uploads\/2020\/02\/antigua-casa-correos-telegrafos-plaza-de-la-regla-leon.jpg 900w, https:\/\/checkinblog.it\/wp-content\/uploads\/2020\/02\/antigua-casa-correos-telegrafos-plaza-de-la-regla-leon-300x225.jpg 300w\" data-sizes=\"(max-width: 900px) 100vw, 900px\" src=\"data:image\/svg+xml;base64,PHN2ZyB3aWR0aD0iMSIgaGVpZ2h0PSIxIiB4bWxucz0iaHR0cDovL3d3dy53My5vcmcvMjAwMC9zdmciPjwvc3ZnPg==\" style=\"--smush-placeholder-width: 900px; --smush-placeholder-aspect-ratio: 900\/675;\" \/><\/a><figcaption id=\"caption-attachment-18467\" class=\"wp-caption-text\">Antigua Casa de Correos y Telegrafos<\/figcaption><\/figure>\n<p>&nbsp;<\/p>\n<h3><span style=\"color: #000080;\">El \u201cbarrio H\u00famedo\u201d<\/span><\/h3>\n<p>El \u201calma medieval\u201d de <strong>Le\u00f3n<\/strong> se encuentra en el <strong>coraz\u00f3n del centro hist\u00f3rico<\/strong>, en <strong>callejas<\/strong> <strong>y<\/strong> <strong>plazuelas <\/strong>que rodean la <strong>Plaza Mayor<\/strong>, a unos 5 minutos a pie de la Catedral. Desde el <strong>Ayuntamiento <\/strong>ubicado en dicha plaza, los notables observaban las actividades diarias de los comerciantes sobre todo durante el <strong>mercado semanal<\/strong> (hoy se celebra los s\u00e1bados).<\/p>\n<p>Lugares como las <strong>Plaza del Grano<\/strong> y <strong>de San Mart\u00edn <\/strong>crean un <strong>ambiente tan ajeno al tumulto de la gran ciudad<\/strong> y los visitantes pueden disfrutar entonces de tal atm\u00f3sfera. Adem\u00e1s, este barrio es un <strong>enclave gastron\u00f3mico de primer orden <\/strong>con <strong>bares y restaurantes de toda la vida<\/strong> donde <strong>degustar la comida t\u00edpica de Le\u00f3n y su provincia<\/strong>.<\/p>\n<figure id=\"attachment_18767\" aria-describedby=\"caption-attachment-18767\" style=\"width: 900px\" class=\"wp-caption aligncenter\"><a href=\"https:\/\/checkinblog.it\/wp-content\/uploads\/2020\/03\/itinerario-turistico-leon-plaza-mayor.jpg\"><img decoding=\"async\" class=\"size-full wp-image-18767 lazyload\" data-src=\"https:\/\/checkinblog.it\/wp-content\/uploads\/2020\/03\/itinerario-turistico-leon-plaza-mayor.jpg\" alt=\"Lugares emblem\u00e1ticos de Le\u00f3n: la Plaza Mayor\" width=\"900\" height=\"675\" data-srcset=\"https:\/\/checkinblog.it\/wp-content\/uploads\/2020\/03\/itinerario-turistico-leon-plaza-mayor.jpg 900w, https:\/\/checkinblog.it\/wp-content\/uploads\/2020\/03\/itinerario-turistico-leon-plaza-mayor-300x225.jpg 300w\" data-sizes=\"(max-width: 900px) 100vw, 900px\" src=\"data:image\/svg+xml;base64,PHN2ZyB3aWR0aD0iMSIgaGVpZ2h0PSIxIiB4bWxucz0iaHR0cDovL3d3dy53My5vcmcvMjAwMC9zdmciPjwvc3ZnPg==\" style=\"--smush-placeholder-width: 900px; --smush-placeholder-aspect-ratio: 900\/675;\" \/><\/a><figcaption id=\"caption-attachment-18767\" class=\"wp-caption-text\">Plaza Mayor de Le\u00f3n<\/figcaption><\/figure>\n<figure id=\"attachment_18778\" aria-describedby=\"caption-attachment-18778\" style=\"width: 900px\" class=\"wp-caption aligncenter\"><a href=\"https:\/\/checkinblog.it\/wp-content\/uploads\/2020\/03\/plaza-del-grano-casco-viejo-leon-espana.jpg\"><img decoding=\"async\" class=\"size-full wp-image-18778 lazyload\" data-src=\"https:\/\/checkinblog.it\/wp-content\/uploads\/2020\/03\/plaza-del-grano-casco-viejo-leon-espana.jpg\" alt=\"Qu\u00e9 ver en el centro medieval de Le\u00f3n: Plaza del Grano\" width=\"900\" height=\"675\" data-srcset=\"https:\/\/checkinblog.it\/wp-content\/uploads\/2020\/03\/plaza-del-grano-casco-viejo-leon-espana.jpg 900w, https:\/\/checkinblog.it\/wp-content\/uploads\/2020\/03\/plaza-del-grano-casco-viejo-leon-espana-300x225.jpg 300w\" data-sizes=\"(max-width: 900px) 100vw, 900px\" src=\"data:image\/svg+xml;base64,PHN2ZyB3aWR0aD0iMSIgaGVpZ2h0PSIxIiB4bWxucz0iaHR0cDovL3d3dy53My5vcmcvMjAwMC9zdmciPjwvc3ZnPg==\" style=\"--smush-placeholder-width: 900px; --smush-placeholder-aspect-ratio: 900\/675;\" \/><\/a><figcaption id=\"caption-attachment-18778\" class=\"wp-caption-text\">Plaza del Grano en Le\u00f3n<\/figcaption><\/figure>\n<p>Por ejemplo, recomiendo la <strong>cecina<\/strong>, que es <strong>carne de vacuno curada <\/strong>y <strong>producto exclusivo de la ciudad<\/strong>, y la <strong>morcilla<\/strong>, un <strong>embutido <\/strong>elaborado de <strong>sangre de cerdo y cebolla<\/strong> y al cual se pueden a\u00f1adir otros ingredientes como migas de pan o pi\u00f1ones. Com\u00ed ambos platos en el <a href=\"http:\/\/www.rua11.es\/inicio\" target=\"_blank\" rel=\"noopener noreferrer\"><span style=\"color: #000080;\"><strong><em>Caf\u00e9 R\u00faa 11<\/em><\/strong><\/span><\/a>, <strong>uno de los bares m\u00e1s populares de Le\u00f3n<\/strong>. Est\u00e1 situado en esa calle comercial (R\u00faa) larga, estrecha, totalmente peatonalizada, y que tambi\u00e9n es punto de paso del <strong>Camino Franc\u00e9s<\/strong>.<\/p>\n<figure id=\"attachment_18766\" aria-describedby=\"caption-attachment-18766\" style=\"width: 900px\" class=\"wp-caption aligncenter\"><a href=\"https:\/\/checkinblog.it\/wp-content\/uploads\/2020\/03\/gastronomia-leon-cecina-bar-rua-11.jpg\"><img decoding=\"async\" class=\"size-full wp-image-18766 lazyload\" data-src=\"https:\/\/checkinblog.it\/wp-content\/uploads\/2020\/03\/gastronomia-leon-cecina-bar-rua-11.jpg\" alt=\"Productos t\u00edpicos de Le\u00f3n: la Cecina\" width=\"900\" height=\"675\" data-srcset=\"https:\/\/checkinblog.it\/wp-content\/uploads\/2020\/03\/gastronomia-leon-cecina-bar-rua-11.jpg 900w, https:\/\/checkinblog.it\/wp-content\/uploads\/2020\/03\/gastronomia-leon-cecina-bar-rua-11-300x225.jpg 300w\" data-sizes=\"(max-width: 900px) 100vw, 900px\" src=\"data:image\/svg+xml;base64,PHN2ZyB3aWR0aD0iMSIgaGVpZ2h0PSIxIiB4bWxucz0iaHR0cDovL3d3dy53My5vcmcvMjAwMC9zdmciPjwvc3ZnPg==\" style=\"--smush-placeholder-width: 900px; --smush-placeholder-aspect-ratio: 900\/675;\" \/><\/a><figcaption id=\"caption-attachment-18766\" class=\"wp-caption-text\">Plato de Cecina<\/figcaption><\/figure>\n<figure id=\"attachment_18771\" aria-describedby=\"caption-attachment-18771\" style=\"width: 900px\" class=\"wp-caption aligncenter\"><a href=\"https:\/\/checkinblog.it\/wp-content\/uploads\/2020\/03\/plato-tipico-leon-morcilla-espana.jpg\"><img decoding=\"async\" class=\"size-full wp-image-18771 lazyload\" data-src=\"https:\/\/checkinblog.it\/wp-content\/uploads\/2020\/03\/plato-tipico-leon-morcilla-espana.jpg\" alt=\"Qu\u00e9 comer en Le\u00f3n: la Morcilla\" width=\"900\" height=\"675\" data-srcset=\"https:\/\/checkinblog.it\/wp-content\/uploads\/2020\/03\/plato-tipico-leon-morcilla-espana.jpg 900w, https:\/\/checkinblog.it\/wp-content\/uploads\/2020\/03\/plato-tipico-leon-morcilla-espana-300x225.jpg 300w\" data-sizes=\"(max-width: 900px) 100vw, 900px\" src=\"data:image\/svg+xml;base64,PHN2ZyB3aWR0aD0iMSIgaGVpZ2h0PSIxIiB4bWxucz0iaHR0cDovL3d3dy53My5vcmcvMjAwMC9zdmciPjwvc3ZnPg==\" style=\"--smush-placeholder-width: 900px; --smush-placeholder-aspect-ratio: 900\/675;\" \/><\/a><figcaption id=\"caption-attachment-18771\" class=\"wp-caption-text\">Plato de Morcilla con pi\u00f1ones<\/figcaption><\/figure>\n<p>&nbsp;<\/p>\n<h3><span style=\"color: #000080;\">Las murallas de Le\u00f3n<\/span><strong>\u00a0<\/strong><\/h3>\n<p>Las de <strong>\u00e9poca romana<\/strong> se pueden ver en el <strong>Barrio Rom\u00e1ntico<\/strong>, en la zona urbana \u201coccidental\u201d que se encuentra paseando por la <em>calle Ancha<\/em> de Casa Botines a la Catedral; en el \u00e1rea \u201coriental\u201d, en correspondencia del <strong>Barrio H\u00famedo<\/strong>, se conservan las de <strong>\u00e9poca medieval<\/strong>.<\/p>\n<figure id=\"attachment_18770\" aria-describedby=\"caption-attachment-18770\" style=\"width: 900px\" class=\"wp-caption aligncenter\"><a href=\"https:\/\/checkinblog.it\/wp-content\/uploads\/2020\/03\/murallas-romanas-leon-espana.jpg\"><img decoding=\"async\" class=\"size-full wp-image-18770 lazyload\" data-src=\"https:\/\/checkinblog.it\/wp-content\/uploads\/2020\/03\/murallas-romanas-leon-espana.jpg\" alt=\"Murallas romanas en pleno centro hist\u00f3rico de Le\u00f3n\" width=\"900\" height=\"675\" data-srcset=\"https:\/\/checkinblog.it\/wp-content\/uploads\/2020\/03\/murallas-romanas-leon-espana.jpg 900w, https:\/\/checkinblog.it\/wp-content\/uploads\/2020\/03\/murallas-romanas-leon-espana-300x225.jpg 300w\" data-sizes=\"(max-width: 900px) 100vw, 900px\" src=\"data:image\/svg+xml;base64,PHN2ZyB3aWR0aD0iMSIgaGVpZ2h0PSIxIiB4bWxucz0iaHR0cDovL3d3dy53My5vcmcvMjAwMC9zdmciPjwvc3ZnPg==\" style=\"--smush-placeholder-width: 900px; --smush-placeholder-aspect-ratio: 900\/675;\" \/><\/a><figcaption id=\"caption-attachment-18770\" class=\"wp-caption-text\">Murallas romanas en Le\u00f3n<\/figcaption><\/figure>\n<p>La <strong>secci\u00f3n m\u00e1s antigua<\/strong> (siglo I d.C.) es visible al lado de la escalera que conduce de la <em>Plaza de San Isidoro<\/em> a la <em>avenida de Ram\u00f3n y Caj\u00e1l<\/em>. Por lo dem\u00e1s, gran parte de las <strong>murallas romanas<\/strong> son del siglo III, ten\u00edan m\u00e1s de 5 m. de espesor y unos 8 m. de altura. La <strong>Puerta del Castillo<\/strong> es la <strong>\u00fanica aun visible <\/strong>\u2013 aunque su estructura actual sea del 1759 \u2013 y se encuentra frente al <strong>Archivo Hist\u00f3rico de la Provincia de Le\u00f3n<\/strong>.<\/p>\n<p>Un tramo de las <strong>murallas medievales<\/strong> <strong>del siglo XIV<\/strong> queda entre la <em>avenida Independencia<\/em> y <em>calle las Cercas<\/em>, a unos pasos de la Plaza del Grano. A diferencia de las romanas, est\u00e1n formadas por un pared de piedra flanqueada por otro muro m\u00e1s alto y robusto.<\/p>\n<figure id=\"attachment_18769\" aria-describedby=\"caption-attachment-18769\" style=\"width: 900px\" class=\"wp-caption aligncenter\"><a href=\"https:\/\/checkinblog.it\/wp-content\/uploads\/2020\/03\/murallas-medievales-barrio-humedo-leon-espana.jpg\"><img decoding=\"async\" class=\"size-full wp-image-18769 lazyload\" data-src=\"https:\/\/checkinblog.it\/wp-content\/uploads\/2020\/03\/murallas-medievales-barrio-humedo-leon-espana.jpg\" alt=\"Murallas medievales en Le\u00f3n (Espa\u00f1a del norte)\" width=\"900\" height=\"675\" data-srcset=\"https:\/\/checkinblog.it\/wp-content\/uploads\/2020\/03\/murallas-medievales-barrio-humedo-leon-espana.jpg 900w, https:\/\/checkinblog.it\/wp-content\/uploads\/2020\/03\/murallas-medievales-barrio-humedo-leon-espana-300x225.jpg 300w\" data-sizes=\"(max-width: 900px) 100vw, 900px\" src=\"data:image\/svg+xml;base64,PHN2ZyB3aWR0aD0iMSIgaGVpZ2h0PSIxIiB4bWxucz0iaHR0cDovL3d3dy53My5vcmcvMjAwMC9zdmciPjwvc3ZnPg==\" style=\"--smush-placeholder-width: 900px; --smush-placeholder-aspect-ratio: 900\/675;\" \/><\/a><figcaption id=\"caption-attachment-18769\" class=\"wp-caption-text\">Muralles medievales de Le\u00f3n<\/figcaption><\/figure>\n<p>&nbsp;<\/p>\n<h3><span style=\"color: #000080;\">La Bas\u00edlica de San Isidoro y el Pante\u00f3n de los Reyes<br \/>\n<\/span><\/h3>\n<p>Rodeado por una secci\u00f3n de murallas romanas, este edificio religioso forma parte del <strong>complejo rom\u00e1nico m\u00e1s importante de Espa\u00f1a <\/strong>e incluye estilos que van del rom\u00e1nico al barroco. Fue erigido por Alfonso V entre los siglos XI-XII, sobre las ruinas de un templo dedicado a San Juan Bautista.<\/p>\n<figure id=\"attachment_18768\" aria-describedby=\"caption-attachment-18768\" style=\"width: 900px\" class=\"wp-caption aligncenter\"><a href=\"https:\/\/checkinblog.it\/wp-content\/uploads\/2020\/03\/lugares-imprescindibles-en-leon-basilica-san-isidoro.jpg\"><img decoding=\"async\" class=\"size-full wp-image-18768 lazyload\" data-src=\"https:\/\/checkinblog.it\/wp-content\/uploads\/2020\/03\/lugares-imprescindibles-en-leon-basilica-san-isidoro.jpg\" alt=\"Qu\u00e9 visitar en Le\u00f3n: Bas\u00edlica de San Isidoro\" width=\"900\" height=\"675\" data-srcset=\"https:\/\/checkinblog.it\/wp-content\/uploads\/2020\/03\/lugares-imprescindibles-en-leon-basilica-san-isidoro.jpg 900w, https:\/\/checkinblog.it\/wp-content\/uploads\/2020\/03\/lugares-imprescindibles-en-leon-basilica-san-isidoro-300x225.jpg 300w\" data-sizes=\"(max-width: 900px) 100vw, 900px\" src=\"data:image\/svg+xml;base64,PHN2ZyB3aWR0aD0iMSIgaGVpZ2h0PSIxIiB4bWxucz0iaHR0cDovL3d3dy53My5vcmcvMjAwMC9zdmciPjwvc3ZnPg==\" style=\"--smush-placeholder-width: 900px; --smush-placeholder-aspect-ratio: 900\/675;\" \/><\/a><figcaption id=\"caption-attachment-18768\" class=\"wp-caption-text\">Bas\u00edlica de San Isidoro<\/figcaption><\/figure>\n<p>Justo al lado de la entrada se encuentran el <strong>Museo de San Isidoro<\/strong> y el <strong>Pante\u00f3n de los Reyes<\/strong>. Este espacio es considerado como la \u201c<strong>Capilla Sixtina del Arte Rom\u00e1nico<\/strong>\u201d y se realiz\u00f3 por voluntad de <strong>Fernando I <\/strong>(1037-1065). En el <strong>cementerio real del Reino de Le\u00f3n<\/strong> se enterraron 11 reys, 12 reinas, 10 infantes, 9 condes y otros nobles.<\/p>\n<p>Aparte de los magnificos <strong>capiteles decorados<\/strong> con elementos simb\u00f3licos, como por ejemplo las <strong>primeras representaciones de Cristo en el arte medieval espa\u00f1ol<\/strong>, las joyas de este lugar son las <strong>pinturas del siglo XII<\/strong> que han llegado a nuestros d\u00edas en un perfecto estado de conservaci\u00f3n.<\/p>\n<figure id=\"attachment_18775\" aria-describedby=\"caption-attachment-18775\" style=\"width: 900px\" class=\"wp-caption aligncenter\"><a href=\"https:\/\/checkinblog.it\/wp-content\/uploads\/2020\/03\/visita-panteon-reyes-leon-espana-norte.jpg\"><img decoding=\"async\" class=\"size-full wp-image-18775 lazyload\" data-src=\"https:\/\/checkinblog.it\/wp-content\/uploads\/2020\/03\/visita-panteon-reyes-leon-espana-norte.jpg\" alt=\"Pante\u00f3n de los Reyes - Museo de San Isidoro en Le\u00f3n\" width=\"900\" height=\"600\" data-srcset=\"https:\/\/checkinblog.it\/wp-content\/uploads\/2020\/03\/visita-panteon-reyes-leon-espana-norte.jpg 900w, https:\/\/checkinblog.it\/wp-content\/uploads\/2020\/03\/visita-panteon-reyes-leon-espana-norte-300x200.jpg 300w\" data-sizes=\"(max-width: 900px) 100vw, 900px\" src=\"data:image\/svg+xml;base64,PHN2ZyB3aWR0aD0iMSIgaGVpZ2h0PSIxIiB4bWxucz0iaHR0cDovL3d3dy53My5vcmcvMjAwMC9zdmciPjwvc3ZnPg==\" style=\"--smush-placeholder-width: 900px; --smush-placeholder-aspect-ratio: 900\/600;\" \/><\/a><figcaption id=\"caption-attachment-18775\" class=\"wp-caption-text\">Imagen concedida por \u00abTurismo de Le\u00f3n\u00bb<\/figcaption><\/figure>\n<p>La <strong>entrada general<\/strong> tiene un coste de 5\u20ac, los menores de 12 a\u00f1os entran gratuitamente. Se <strong>accede <\/strong>en grupos peque\u00f1os con <strong>visita guiada en espa\u00f1ol <\/strong>(tambi\u00e9n en ingl\u00e9s y franc\u00e9s). Consejo entonces comprar entradas con antelaci\u00f3n en la <a href=\"https:\/\/www.museosanisidorodeleon.com\/\" target=\"_blank\" rel=\"noopener noreferrer\"><span style=\"color: #000080;\"><strong><em>p\u00e1gina web del Museo de San Isidoro<\/em><\/strong><\/span><\/a>. Por \u00faltimo, para una mejor conservaci\u00f3n de las decoraciones <strong>no est\u00e1 permitidos hacer fotos<\/strong>.<\/p>\n<p>Por \u00faltimo, en\u00a0<em><strong><a href=\"https:\/\/www.civitatis.com\/es\/leon\/?aid=4261\" target=\"_blank\" rel=\"noopener noreferrer\"><span style=\"color: #000080;\">esta p\u00e1gina<\/span><\/a><\/strong><\/em> pod\u00e9is descubrir y reservar todas las <strong>actividades que se pueden hacer en<\/strong> <strong>Le\u00f3n\u00a0<\/strong>para aprovechar al m\u00e1ximo vuestra estancia.<\/p>\n<p>&nbsp;<\/p>\n","protected":false},"excerpt":{"rendered":"<p>Mi viaje por la provincia de Le\u00f3n empieza visitando su capital hom\u00f3nima, una importante ciudad de origen romano, llena de historia y cultura y con una tradici\u00f3n gastron\u00f3mica relevante. Adem\u00e1s es etapa del Camino franc\u00e9s hasta Santiago de Compostela (otro punto de paso obligado es la ciudad de Ponferrada)y por eso es f\u00e1cil encontrar muchos [&hellip;]<\/p>\n","protected":false},"author":6,"featured_media":18767,"comment_status":"open","ping_status":"open","sticky":false,"template":"","format":"standard","meta":{"_acf_changed":false,"_monsterinsights_skip_tracking":false,"_monsterinsights_sitenote_active":false,"_monsterinsights_sitenote_note":"","_monsterinsights_sitenote_category":0,"footnotes":""},"categories":[583,556],"tags":[733,864,944],"class_list":["post-18759","post","type-post","status-publish","format-standard","has-post-thumbnail","hentry","category-espana-del-norte","category-visitar-espana","tag-espana","tag-espana-del-norte","tag-leon-es"],"acf":[],"yoast_head":"<!-- This site is optimized with the Yoast SEO plugin v26.7 - https:\/\/yoast.com\/wordpress\/plugins\/seo\/ -->\n<title>Viaje a Le\u00f3n (Espa\u00f1a del norte), qu\u00e9 ver y hacer en 1 d\u00eda | Check-in Blog<\/title>\n<meta name=\"description\" content=\"Itinerario en Le\u00f3n, una de las ciudades m\u00e1s bonitas de Espa\u00f1a. Casa Botines de Gaud\u00ed, la Catedral, qu\u00e9 comer de t\u00edpico y c\u00f3mo llegar en transporte p\u00fablico.\" \/>\n<meta name=\"robots\" content=\"index, follow, max-snippet:-1, max-image-preview:large, max-video-preview:-1\" \/>\n<link rel=\"canonical\" href=\"https:\/\/checkinblog.it\/es\/que-ver-en-leon-espana-del-norte\/\" \/>\n<meta property=\"og:locale\" content=\"es_ES\" \/>\n<meta property=\"og:type\" content=\"article\" \/>\n<meta property=\"og:title\" content=\"Viaje a Le\u00f3n (Espa\u00f1a del norte), qu\u00e9 ver y hacer en 1 d\u00eda | Check-in Blog\" \/>\n<meta property=\"og:description\" content=\"Itinerario en Le\u00f3n, una de las ciudades m\u00e1s bonitas de Espa\u00f1a. Casa Botines de Gaud\u00ed, la Catedral, qu\u00e9 comer de t\u00edpico y c\u00f3mo llegar en transporte p\u00fablico.\" \/>\n<meta property=\"og:url\" content=\"https:\/\/checkinblog.it\/es\/que-ver-en-leon-espana-del-norte\/\" \/>\n<meta property=\"og:site_name\" content=\"CheckinBlog - Travel Blog\" \/>\n<meta property=\"article:publisher\" content=\"https:\/\/www.facebook.com\/checkinblog?ref=hl\" \/>\n<meta property=\"article:author\" content=\"https:\/\/www.facebook.com\/checkinblog\" \/>\n<meta property=\"article:published_time\" content=\"2020-04-03T06:57:22+00:00\" \/>\n<meta property=\"article:modified_time\" content=\"2021-06-25T10:09:51+00:00\" \/>\n<meta property=\"og:image\" content=\"https:\/\/checkinblog.it\/wp-content\/uploads\/2020\/03\/itinerario-turistico-leon-plaza-mayor.jpg\" \/>\n\t<meta property=\"og:image:width\" content=\"900\" \/>\n\t<meta property=\"og:image:height\" content=\"675\" \/>\n\t<meta property=\"og:image:type\" content=\"image\/jpeg\" \/>\n<meta name=\"author\" content=\"Stefano Bagnasco\" \/>\n<meta name=\"twitter:card\" content=\"summary_large_image\" \/>\n<meta name=\"twitter:creator\" content=\"@https:\/\/twitter.com\/Checkin_blog\" \/>\n<meta name=\"twitter:site\" content=\"@Checkin_blog\" \/>\n<meta name=\"twitter:label1\" content=\"Escrito por\" \/>\n\t<meta name=\"twitter:data1\" content=\"Stefano Bagnasco\" \/>\n\t<meta name=\"twitter:label2\" content=\"Tiempo de lectura\" \/>\n\t<meta name=\"twitter:data2\" content=\"14 minutos\" \/>\n<script type=\"application\/ld+json\" class=\"yoast-schema-graph\">{\"@context\":\"https:\/\/schema.org\",\"@graph\":[{\"@type\":\"Article\",\"@id\":\"https:\/\/checkinblog.it\/es\/que-ver-en-leon-espana-del-norte\/#article\",\"isPartOf\":{\"@id\":\"https:\/\/checkinblog.it\/es\/que-ver-en-leon-espana-del-norte\/\"},\"author\":{\"name\":\"Stefano Bagnasco\",\"@id\":\"https:\/\/checkinblog.it\/es\/#\/schema\/person\/a4263ee67f7d19fd41f503cc808642a9\"},\"headline\":\"Le\u00f3n (Espa\u00f1a del norte). Consejos sobre los lugares que no hay que perder, d\u00f3nde comer t\u00edpico, donde alojar y c\u00f3mo llegar\",\"datePublished\":\"2020-04-03T06:57:22+00:00\",\"dateModified\":\"2021-06-25T10:09:51+00:00\",\"mainEntityOfPage\":{\"@id\":\"https:\/\/checkinblog.it\/es\/que-ver-en-leon-espana-del-norte\/\"},\"wordCount\":2405,\"commentCount\":0,\"publisher\":{\"@id\":\"https:\/\/checkinblog.it\/es\/#organization\"},\"image\":{\"@id\":\"https:\/\/checkinblog.it\/es\/que-ver-en-leon-espana-del-norte\/#primaryimage\"},\"thumbnailUrl\":\"https:\/\/checkinblog.it\/wp-content\/uploads\/2020\/03\/itinerario-turistico-leon-plaza-mayor.jpg\",\"keywords\":[\"espa\u00f1a\",\"Espa\u00f1a del norte\",\"Le\u00f3n\"],\"articleSection\":[\"Espa\u00f1a del norte\",\"Visitar Espa\u00f1a\"],\"inLanguage\":\"es\",\"potentialAction\":[{\"@type\":\"CommentAction\",\"name\":\"Comment\",\"target\":[\"https:\/\/checkinblog.it\/es\/que-ver-en-leon-espana-del-norte\/#respond\"]}]},{\"@type\":\"WebPage\",\"@id\":\"https:\/\/checkinblog.it\/es\/que-ver-en-leon-espana-del-norte\/\",\"url\":\"https:\/\/checkinblog.it\/es\/que-ver-en-leon-espana-del-norte\/\",\"name\":\"Viaje a Le\u00f3n (Espa\u00f1a del norte), qu\u00e9 ver y hacer en 1 d\u00eda | Check-in Blog\",\"isPartOf\":{\"@id\":\"https:\/\/checkinblog.it\/es\/#website\"},\"primaryImageOfPage\":{\"@id\":\"https:\/\/checkinblog.it\/es\/que-ver-en-leon-espana-del-norte\/#primaryimage\"},\"image\":{\"@id\":\"https:\/\/checkinblog.it\/es\/que-ver-en-leon-espana-del-norte\/#primaryimage\"},\"thumbnailUrl\":\"https:\/\/checkinblog.it\/wp-content\/uploads\/2020\/03\/itinerario-turistico-leon-plaza-mayor.jpg\",\"datePublished\":\"2020-04-03T06:57:22+00:00\",\"dateModified\":\"2021-06-25T10:09:51+00:00\",\"description\":\"Itinerario en Le\u00f3n, una de las ciudades m\u00e1s bonitas de Espa\u00f1a. Casa Botines de Gaud\u00ed, la Catedral, qu\u00e9 comer de t\u00edpico y c\u00f3mo llegar en transporte p\u00fablico.\",\"breadcrumb\":{\"@id\":\"https:\/\/checkinblog.it\/es\/que-ver-en-leon-espana-del-norte\/#breadcrumb\"},\"inLanguage\":\"es\",\"potentialAction\":[{\"@type\":\"ReadAction\",\"target\":[\"https:\/\/checkinblog.it\/es\/que-ver-en-leon-espana-del-norte\/\"]}]},{\"@type\":\"ImageObject\",\"inLanguage\":\"es\",\"@id\":\"https:\/\/checkinblog.it\/es\/que-ver-en-leon-espana-del-norte\/#primaryimage\",\"url\":\"https:\/\/checkinblog.it\/wp-content\/uploads\/2020\/03\/itinerario-turistico-leon-plaza-mayor.jpg\",\"contentUrl\":\"https:\/\/checkinblog.it\/wp-content\/uploads\/2020\/03\/itinerario-turistico-leon-plaza-mayor.jpg\",\"width\":900,\"height\":675,\"caption\":\"Plaza Mayor de Le\u00f3n\"},{\"@type\":\"BreadcrumbList\",\"@id\":\"https:\/\/checkinblog.it\/es\/que-ver-en-leon-espana-del-norte\/#breadcrumb\",\"itemListElement\":[{\"@type\":\"ListItem\",\"position\":1,\"name\":\"Home\",\"item\":\"https:\/\/checkinblog.it\/es\/\"},{\"@type\":\"ListItem\",\"position\":2,\"name\":\"Le\u00f3n (Espa\u00f1a del norte). Consejos sobre los lugares que no hay que perder, d\u00f3nde comer t\u00edpico, donde alojar y c\u00f3mo llegar\"}]},{\"@type\":\"WebSite\",\"@id\":\"https:\/\/checkinblog.it\/es\/#website\",\"url\":\"https:\/\/checkinblog.it\/es\/\",\"name\":\"CheckinBlog - Travel Blog\",\"description\":\"Travel blogger. Itinerari e consigli di viaggio su Scozia, Spagna e Liguria.\",\"publisher\":{\"@id\":\"https:\/\/checkinblog.it\/es\/#organization\"},\"potentialAction\":[{\"@type\":\"SearchAction\",\"target\":{\"@type\":\"EntryPoint\",\"urlTemplate\":\"https:\/\/checkinblog.it\/es\/?s={search_term_string}\"},\"query-input\":{\"@type\":\"PropertyValueSpecification\",\"valueRequired\":true,\"valueName\":\"search_term_string\"}}],\"inLanguage\":\"es\"},{\"@type\":\"Organization\",\"@id\":\"https:\/\/checkinblog.it\/es\/#organization\",\"name\":\"CheckinBlog - Travel Blog\",\"url\":\"https:\/\/checkinblog.it\/es\/\",\"logo\":{\"@type\":\"ImageObject\",\"inLanguage\":\"es\",\"@id\":\"https:\/\/checkinblog.it\/es\/#\/schema\/logo\/image\/\",\"url\":\"https:\/\/checkinblog.it\/wp-content\/uploads\/2020\/04\/cropped-Schermata-2020-04-10-alle-10.17.12-1.png\",\"contentUrl\":\"https:\/\/checkinblog.it\/wp-content\/uploads\/2020\/04\/cropped-Schermata-2020-04-10-alle-10.17.12-1.png\",\"width\":879,\"height\":251,\"caption\":\"CheckinBlog - Travel Blog\"},\"image\":{\"@id\":\"https:\/\/checkinblog.it\/es\/#\/schema\/logo\/image\/\"},\"sameAs\":[\"https:\/\/www.facebook.com\/checkinblog?ref=hl\",\"https:\/\/x.com\/Checkin_blog\"]},{\"@type\":\"Person\",\"@id\":\"https:\/\/checkinblog.it\/es\/#\/schema\/person\/a4263ee67f7d19fd41f503cc808642a9\",\"name\":\"Stefano Bagnasco\",\"image\":{\"@type\":\"ImageObject\",\"inLanguage\":\"es\",\"@id\":\"https:\/\/checkinblog.it\/es\/#\/schema\/person\/image\/\",\"url\":\"https:\/\/secure.gravatar.com\/avatar\/555b79a21568b71b6166a2f0fddde67f9d8c70966b46d40b7bee7323f9de0b30?s=96&d=mm&r=g\",\"contentUrl\":\"https:\/\/secure.gravatar.com\/avatar\/555b79a21568b71b6166a2f0fddde67f9d8c70966b46d40b7bee7323f9de0b30?s=96&d=mm&r=g\",\"caption\":\"Stefano Bagnasco\"},\"description\":\"Stefano, viaggiatore \\\"con un piede in Italia ed uno in Europa\\\". Appassionato di Scozia, Spagna, Austria e Liguria ed amante dei viaggi lenti alla scoperta degli angoli meno conosciuti di ogni destinazione.\",\"sameAs\":[\"https:\/\/www.facebook.com\/checkinblog\",\"https:\/\/www.instagram.com\/estebanbagna88\/\",\"https:\/\/www.linkedin.com\/in\/stefanobagnasco\",\"https:\/\/it.pinterest.com\/checkinblog\/\",\"https:\/\/x.com\/https:\/\/twitter.com\/Checkin_blog\"]}]}<\/script>\n<!-- \/ Yoast SEO plugin. -->","yoast_head_json":{"title":"Viaje a Le\u00f3n (Espa\u00f1a del norte), qu\u00e9 ver y hacer en 1 d\u00eda | Check-in Blog","description":"Itinerario en Le\u00f3n, una de las ciudades m\u00e1s bonitas de Espa\u00f1a. Casa Botines de Gaud\u00ed, la Catedral, qu\u00e9 comer de t\u00edpico y c\u00f3mo llegar en transporte p\u00fablico.","robots":{"index":"index","follow":"follow","max-snippet":"max-snippet:-1","max-image-preview":"max-image-preview:large","max-video-preview":"max-video-preview:-1"},"canonical":"https:\/\/checkinblog.it\/es\/que-ver-en-leon-espana-del-norte\/","og_locale":"es_ES","og_type":"article","og_title":"Viaje a Le\u00f3n (Espa\u00f1a del norte), qu\u00e9 ver y hacer en 1 d\u00eda | Check-in Blog","og_description":"Itinerario en Le\u00f3n, una de las ciudades m\u00e1s bonitas de Espa\u00f1a. Casa Botines de Gaud\u00ed, la Catedral, qu\u00e9 comer de t\u00edpico y c\u00f3mo llegar en transporte p\u00fablico.","og_url":"https:\/\/checkinblog.it\/es\/que-ver-en-leon-espana-del-norte\/","og_site_name":"CheckinBlog - Travel Blog","article_publisher":"https:\/\/www.facebook.com\/checkinblog?ref=hl","article_author":"https:\/\/www.facebook.com\/checkinblog","article_published_time":"2020-04-03T06:57:22+00:00","article_modified_time":"2021-06-25T10:09:51+00:00","og_image":[{"width":900,"height":675,"url":"https:\/\/checkinblog.it\/wp-content\/uploads\/2020\/03\/itinerario-turistico-leon-plaza-mayor.jpg","type":"image\/jpeg"}],"author":"Stefano Bagnasco","twitter_card":"summary_large_image","twitter_creator":"@https:\/\/twitter.com\/Checkin_blog","twitter_site":"@Checkin_blog","twitter_misc":{"Escrito por":"Stefano Bagnasco","Tiempo de lectura":"14 minutos"},"schema":{"@context":"https:\/\/schema.org","@graph":[{"@type":"Article","@id":"https:\/\/checkinblog.it\/es\/que-ver-en-leon-espana-del-norte\/#article","isPartOf":{"@id":"https:\/\/checkinblog.it\/es\/que-ver-en-leon-espana-del-norte\/"},"author":{"name":"Stefano Bagnasco","@id":"https:\/\/checkinblog.it\/es\/#\/schema\/person\/a4263ee67f7d19fd41f503cc808642a9"},"headline":"Le\u00f3n (Espa\u00f1a del norte). Consejos sobre los lugares que no hay que perder, d\u00f3nde comer t\u00edpico, donde alojar y c\u00f3mo llegar","datePublished":"2020-04-03T06:57:22+00:00","dateModified":"2021-06-25T10:09:51+00:00","mainEntityOfPage":{"@id":"https:\/\/checkinblog.it\/es\/que-ver-en-leon-espana-del-norte\/"},"wordCount":2405,"commentCount":0,"publisher":{"@id":"https:\/\/checkinblog.it\/es\/#organization"},"image":{"@id":"https:\/\/checkinblog.it\/es\/que-ver-en-leon-espana-del-norte\/#primaryimage"},"thumbnailUrl":"https:\/\/checkinblog.it\/wp-content\/uploads\/2020\/03\/itinerario-turistico-leon-plaza-mayor.jpg","keywords":["espa\u00f1a","Espa\u00f1a del norte","Le\u00f3n"],"articleSection":["Espa\u00f1a del norte","Visitar Espa\u00f1a"],"inLanguage":"es","potentialAction":[{"@type":"CommentAction","name":"Comment","target":["https:\/\/checkinblog.it\/es\/que-ver-en-leon-espana-del-norte\/#respond"]}]},{"@type":"WebPage","@id":"https:\/\/checkinblog.it\/es\/que-ver-en-leon-espana-del-norte\/","url":"https:\/\/checkinblog.it\/es\/que-ver-en-leon-espana-del-norte\/","name":"Viaje a Le\u00f3n (Espa\u00f1a del norte), qu\u00e9 ver y hacer en 1 d\u00eda | Check-in Blog","isPartOf":{"@id":"https:\/\/checkinblog.it\/es\/#website"},"primaryImageOfPage":{"@id":"https:\/\/checkinblog.it\/es\/que-ver-en-leon-espana-del-norte\/#primaryimage"},"image":{"@id":"https:\/\/checkinblog.it\/es\/que-ver-en-leon-espana-del-norte\/#primaryimage"},"thumbnailUrl":"https:\/\/checkinblog.it\/wp-content\/uploads\/2020\/03\/itinerario-turistico-leon-plaza-mayor.jpg","datePublished":"2020-04-03T06:57:22+00:00","dateModified":"2021-06-25T10:09:51+00:00","description":"Itinerario en Le\u00f3n, una de las ciudades m\u00e1s bonitas de Espa\u00f1a. Casa Botines de Gaud\u00ed, la Catedral, qu\u00e9 comer de t\u00edpico y c\u00f3mo llegar en transporte p\u00fablico.","breadcrumb":{"@id":"https:\/\/checkinblog.it\/es\/que-ver-en-leon-espana-del-norte\/#breadcrumb"},"inLanguage":"es","potentialAction":[{"@type":"ReadAction","target":["https:\/\/checkinblog.it\/es\/que-ver-en-leon-espana-del-norte\/"]}]},{"@type":"ImageObject","inLanguage":"es","@id":"https:\/\/checkinblog.it\/es\/que-ver-en-leon-espana-del-norte\/#primaryimage","url":"https:\/\/checkinblog.it\/wp-content\/uploads\/2020\/03\/itinerario-turistico-leon-plaza-mayor.jpg","contentUrl":"https:\/\/checkinblog.it\/wp-content\/uploads\/2020\/03\/itinerario-turistico-leon-plaza-mayor.jpg","width":900,"height":675,"caption":"Plaza Mayor de Le\u00f3n"},{"@type":"BreadcrumbList","@id":"https:\/\/checkinblog.it\/es\/que-ver-en-leon-espana-del-norte\/#breadcrumb","itemListElement":[{"@type":"ListItem","position":1,"name":"Home","item":"https:\/\/checkinblog.it\/es\/"},{"@type":"ListItem","position":2,"name":"Le\u00f3n (Espa\u00f1a del norte). Consejos sobre los lugares que no hay que perder, d\u00f3nde comer t\u00edpico, donde alojar y c\u00f3mo llegar"}]},{"@type":"WebSite","@id":"https:\/\/checkinblog.it\/es\/#website","url":"https:\/\/checkinblog.it\/es\/","name":"CheckinBlog - Travel Blog","description":"Travel blogger. Itinerari e consigli di viaggio su Scozia, Spagna e Liguria.","publisher":{"@id":"https:\/\/checkinblog.it\/es\/#organization"},"potentialAction":[{"@type":"SearchAction","target":{"@type":"EntryPoint","urlTemplate":"https:\/\/checkinblog.it\/es\/?s={search_term_string}"},"query-input":{"@type":"PropertyValueSpecification","valueRequired":true,"valueName":"search_term_string"}}],"inLanguage":"es"},{"@type":"Organization","@id":"https:\/\/checkinblog.it\/es\/#organization","name":"CheckinBlog - Travel Blog","url":"https:\/\/checkinblog.it\/es\/","logo":{"@type":"ImageObject","inLanguage":"es","@id":"https:\/\/checkinblog.it\/es\/#\/schema\/logo\/image\/","url":"https:\/\/checkinblog.it\/wp-content\/uploads\/2020\/04\/cropped-Schermata-2020-04-10-alle-10.17.12-1.png","contentUrl":"https:\/\/checkinblog.it\/wp-content\/uploads\/2020\/04\/cropped-Schermata-2020-04-10-alle-10.17.12-1.png","width":879,"height":251,"caption":"CheckinBlog - Travel Blog"},"image":{"@id":"https:\/\/checkinblog.it\/es\/#\/schema\/logo\/image\/"},"sameAs":["https:\/\/www.facebook.com\/checkinblog?ref=hl","https:\/\/x.com\/Checkin_blog"]},{"@type":"Person","@id":"https:\/\/checkinblog.it\/es\/#\/schema\/person\/a4263ee67f7d19fd41f503cc808642a9","name":"Stefano Bagnasco","image":{"@type":"ImageObject","inLanguage":"es","@id":"https:\/\/checkinblog.it\/es\/#\/schema\/person\/image\/","url":"https:\/\/secure.gravatar.com\/avatar\/555b79a21568b71b6166a2f0fddde67f9d8c70966b46d40b7bee7323f9de0b30?s=96&d=mm&r=g","contentUrl":"https:\/\/secure.gravatar.com\/avatar\/555b79a21568b71b6166a2f0fddde67f9d8c70966b46d40b7bee7323f9de0b30?s=96&d=mm&r=g","caption":"Stefano Bagnasco"},"description":"Stefano, viaggiatore \"con un piede in Italia ed uno in Europa\". Appassionato di Scozia, Spagna, Austria e Liguria ed amante dei viaggi lenti alla scoperta degli angoli meno conosciuti di ogni destinazione.","sameAs":["https:\/\/www.facebook.com\/checkinblog","https:\/\/www.instagram.com\/estebanbagna88\/","https:\/\/www.linkedin.com\/in\/stefanobagnasco","https:\/\/it.pinterest.com\/checkinblog\/","https:\/\/x.com\/https:\/\/twitter.com\/Checkin_blog"]}]}},"_links":{"self":[{"href":"https:\/\/checkinblog.it\/es\/wp-json\/wp\/v2\/posts\/18759","targetHints":{"allow":["GET"]}}],"collection":[{"href":"https:\/\/checkinblog.it\/es\/wp-json\/wp\/v2\/posts"}],"about":[{"href":"https:\/\/checkinblog.it\/es\/wp-json\/wp\/v2\/types\/post"}],"author":[{"embeddable":true,"href":"https:\/\/checkinblog.it\/es\/wp-json\/wp\/v2\/users\/6"}],"replies":[{"embeddable":true,"href":"https:\/\/checkinblog.it\/es\/wp-json\/wp\/v2\/comments?post=18759"}],"version-history":[{"count":13,"href":"https:\/\/checkinblog.it\/es\/wp-json\/wp\/v2\/posts\/18759\/revisions"}],"predecessor-version":[{"id":19217,"href":"https:\/\/checkinblog.it\/es\/wp-json\/wp\/v2\/posts\/18759\/revisions\/19217"}],"wp:featuredmedia":[{"embeddable":true,"href":"https:\/\/checkinblog.it\/es\/wp-json\/wp\/v2\/media\/18767"}],"wp:attachment":[{"href":"https:\/\/checkinblog.it\/es\/wp-json\/wp\/v2\/media?parent=18759"}],"wp:term":[{"taxonomy":"category","embeddable":true,"href":"https:\/\/checkinblog.it\/es\/wp-json\/wp\/v2\/categories?post=18759"},{"taxonomy":"post_tag","embeddable":true,"href":"https:\/\/checkinblog.it\/es\/wp-json\/wp\/v2\/tags?post=18759"}],"curies":[{"name":"wp","href":"https:\/\/api.w.org\/{rel}","templated":true}]}}