{"id":15560,"date":"2019-01-08T08:32:28","date_gmt":"2019-01-08T07:32:28","guid":{"rendered":"https:\/\/checkinblog.it\/es\/?p=15560"},"modified":"2021-04-28T17:03:27","modified_gmt":"2021-04-28T15:03:27","slug":"que-ver-en-elche-comunidad-valenciana-espana","status":"publish","type":"post","link":"https:\/\/checkinblog.it\/es\/que-ver-en-elche-comunidad-valenciana-espana\/","title":{"rendered":"Elche (provincia de Alicante), qu\u00e9 ver en la ciudad espa\u00f1ola con el Palmeral m\u00e1s grande de Europa"},"content":{"rendered":"<p>Tras haberme quedado <a href=\"https:\/\/checkinblog.it\/es\/que-ver-en-alicante-en-dos-dias-costa-blanca-espana\/\" target=\"_blank\" rel=\"noopener noreferrer\"><span style=\"color: #000080;\"><strong><em>dos d\u00edas en Alicante<\/em><\/strong><\/span><\/a>, pr\u00f3xima etapa en <strong>Costa Blanca<\/strong> es la ciudad de <strong>Elche<\/strong>. Se encuentra a poco m\u00e1s de 20 Km de Alicante y por eso es una localidad muy popular para hacer una <strong>excursi\u00f3n diaria<\/strong>. De hecho, hay muchas conexiones diarias <strong>en autob\u00fas<\/strong> \u2013 operadas por el <a href=\"http:\/\/www.jdoqocy.com\/click-7782530-13504015\" target=\"_blank\" rel=\"noopener noreferrer\"><span style=\"color: #000080;\"><strong><em>Grupo Vectalia-Sub\u00fas<\/em><\/strong><\/span><\/a> \u2013 entre las dos ciudades y se tarda unos 45 minutos.<\/p>\n<p>Adem\u00e1s, en un d\u00eda entero es posible <strong>visitar los lugares de inter\u00e9s m\u00e1s emblem\u00e1ticos<\/strong>. Sin embargo, quedarse una noche permite disfrutar con m\u00e1s tranquilidad de su importante <strong>patrimonio hist\u00f3rico<\/strong>, <strong>cultural<\/strong> y <strong>natural<\/strong>. Tambi\u00e9n hay <a href=\"https:\/\/www.civitatis.com\/es\/elche\/free-tour-elche\/?aid=4261\" target=\"_blank\" rel=\"noopener\"><span style=\"color: #000080;\"><em><strong>free tours<\/strong><\/em><\/span><\/a>\u00a0y <a href=\"https:\/\/www.civitatis.com\/es\/elche\/tour-privado-elche\/?aid=4261\" target=\"_blank\" rel=\"noopener\"><span style=\"color: #000080;\"><em><strong>tours privados<\/strong><\/em><\/span><\/a> seg\u00fan vuestras necesidades.<\/p>\n<p>&nbsp;<\/p>\n<h2><span style=\"color: #000080;\">Itinerario tur\u00edstico para descubrir Elche<\/span><\/h2>\n<p>El s\u00edmbolo es sin duda el <strong>Palmeral de Elche<\/strong>, el <strong>m\u00e1s grande de Europa<\/strong> y declarado <strong>Patrimonio de la Humanidad<\/strong> por la <strong>Unesco<\/strong> en 2000. Dicho eso, es una <strong>ciudad milenaria<\/strong> y su <strong>casco hist\u00f3rico<\/strong> conserva edificios testigos de su fundaci\u00f3n por los iberos, de la \u00e9poca romana cuando se llam\u00f3 <em>Colonia Iulia Illici Augusta<\/em>, del dominio musulm\u00e1n y de la Reconquista cristiana cuando la ciudad pas\u00f3 a la Corona de Castilla y por \u00faltimo al Reino de Valencia.<\/p>\n<p>Antes de seguir, os doy algunos consejos:<\/p>\n<ul>\n<li>si posible, no visitar Elche el lunes porque la mayor\u00eda de los museos est\u00e1n cerrados;<\/li>\n<li>la ciudad est\u00e1 a unos 21 kil\u00f3metros del <strong>Aeropuerto de Alicante-Elche<\/strong> y hay dos <a href=\"https:\/\/aerobusalicante.es\/index.php\/lineas-y-paradas-de-autobus-aeropuerto\/paradas-autobus-linea-1a-elche-aeropuerto\/\" target=\"_blank\" rel=\"noopener noreferrer\"><span style=\"color: #000080;\"><strong><em>l\u00edneas de autobuses<\/em><\/strong><\/span><\/a> \u2013 <em>1A y 1B<\/em> \u2013 que conectan los dos destinos tardando unos 30-40 minutos y el billete cuesta 1,55\u20ac;<\/li>\n<li>en <span style=\"color: #000080;\"><a style=\"color: #000080;\" href=\"https:\/\/www.civitatis.com\/es\/elche\/traslados\/?aid=4261\" target=\"_blank\" rel=\"noopener\"><em><strong>esta p\u00e1gina<\/strong><\/em><\/a> <\/span>se pueden consultar todos los <strong>translados en Elche<\/strong> disponibles.<\/li>\n<\/ul>\n<p>&nbsp;<\/p>\n<p style=\"text-align: center;\">&#8211;&gt; <span style=\"color: #000080;\"><a style=\"color: #000080;\" href=\"https:\/\/www.civitatis.com\/es\/elche\/free-tour-elche\/?aid=4261\" target=\"_blank\" rel=\"noopener\"><em><strong>Reservad el Free tour por Elche<\/strong><\/em><\/a> <\/span>&lt;&#8212;<\/p>\n<p style=\"text-align: center;\">&#8212;&gt; <span style=\"color: #000080;\"><a style=\"color: #000080;\" href=\"https:\/\/www.civitatis.com\/es\/elche\/tour-privado-elche\/?aid=4261\" target=\"_blank\" rel=\"noopener\"><em><strong>Reservad el Tour privado por Elche<\/strong><\/em><\/a><\/span> &lt;&#8212;<\/p>\n<p>&nbsp;<\/p>\n<p>La visita comienza desde la <strong>Bas\u00edlica de Santa Mar\u00eda<\/strong>, ubicada donde, hasta el 1334, se encontraba la Mezquita Musulmana. Luego se construyeron dos templos de diferentes estilos hasta el edificio actual, que se remonta al 1784. En la nave central destaca la gran c\u00fapola que forma parte del escenario del <strong>Misteri d\u2019Elx<\/strong>.<\/p>\n<p>Justo al lado de la <strong>fachada de la Asunci\u00f3n<\/strong> \u2013 considerada una de las <strong>m\u00e1s bellas del barroco valenciano<\/strong> \u2013 se encuentra el acceso a la <strong>Torre de la Bas\u00edlica<\/strong>. Hay que subir 170 escalones para llegar encima del Campanario. Durante el recorrido es posible descansar en las tres estancias que eran las habitaciones donde vivi\u00f3 el campanero y su familia hasta los a\u00f1os \u201830 del siglo XX.<\/p>\n<p>Desde la torre hay vistas preciosas de toda la ciudad y se nota muy bien la extensi\u00f3n del Palmeral.<\/p>\n<figure id=\"attachment_15956\" aria-describedby=\"caption-attachment-15956\" style=\"width: 900px\" class=\"wp-caption aligncenter\"><a href=\"https:\/\/checkinblog.it\/wp-content\/uploads\/2019\/01\/basilica-santa-maria-elche-espana.jpg\"><img fetchpriority=\"high\" decoding=\"async\" class=\"wp-image-15956\" src=\"https:\/\/checkinblog.it\/wp-content\/uploads\/2019\/01\/basilica-santa-maria-elche-espana.jpg\" alt=\"Qu\u00e9 ver en Elche: Bas\u00edlica de Santa Mar\u00eda\" width=\"900\" height=\"675\" srcset=\"https:\/\/checkinblog.it\/wp-content\/uploads\/2019\/01\/basilica-santa-maria-elche-espana.jpg 1200w, https:\/\/checkinblog.it\/wp-content\/uploads\/2019\/01\/basilica-santa-maria-elche-espana-300x225.jpg 300w, https:\/\/checkinblog.it\/wp-content\/uploads\/2019\/01\/basilica-santa-maria-elche-espana-1024x768.jpg 1024w\" sizes=\"(max-width: 900px) 100vw, 900px\" \/><\/a><figcaption id=\"caption-attachment-15956\" class=\"wp-caption-text\">Bas\u00edlica de S. Mar\u00eda<\/figcaption><\/figure>\n<figure id=\"attachment_15979\" aria-describedby=\"caption-attachment-15979\" style=\"width: 900px\" class=\"wp-caption aligncenter\"><a href=\"https:\/\/checkinblog.it\/wp-content\/uploads\/2019\/01\/vista-torre-basilica-santa-maria-elche-espana.jpg\"><img decoding=\"async\" class=\"wp-image-15979 lazyload\" data-src=\"https:\/\/checkinblog.it\/wp-content\/uploads\/2019\/01\/vista-torre-basilica-santa-maria-elche-espana.jpg\" alt=\"Subida a la torre de la Bas\u00edlica de Santa Mar\u00eda de Elx (Espa\u00f1a)\" width=\"900\" height=\"675\" data-srcset=\"https:\/\/checkinblog.it\/wp-content\/uploads\/2019\/01\/vista-torre-basilica-santa-maria-elche-espana.jpg 1200w, https:\/\/checkinblog.it\/wp-content\/uploads\/2019\/01\/vista-torre-basilica-santa-maria-elche-espana-300x225.jpg 300w, https:\/\/checkinblog.it\/wp-content\/uploads\/2019\/01\/vista-torre-basilica-santa-maria-elche-espana-1024x768.jpg 1024w\" data-sizes=\"(max-width: 900px) 100vw, 900px\" src=\"data:image\/svg+xml;base64,PHN2ZyB3aWR0aD0iMSIgaGVpZ2h0PSIxIiB4bWxucz0iaHR0cDovL3d3dy53My5vcmcvMjAwMC9zdmciPjwvc3ZnPg==\" style=\"--smush-placeholder-width: 900px; --smush-placeholder-aspect-ratio: 900\/675;\" \/><\/a><figcaption id=\"caption-attachment-15979\" class=\"wp-caption-text\">Panorama de la torre de la Bas\u00edlica<\/figcaption><\/figure>\n<p>A pocos pasos de la Bas\u00edlica, el <strong>Palacio de Altamira<\/strong> es <strong>una de las fortalezas mejor conservadas de la provincia de Alicante<\/strong> y es un sitio emblem\u00e1tico de la historia de Elche.<\/p>\n<p>De hecho, fue construido por los <strong>\u00e1rabes<\/strong> entre los siglos XI-XIII y luego se convirti\u00f3 en la <strong>residencia de los monarcas espa\u00f1oles<\/strong> en los siglos XV y XIX. En la primera mitad del \u2018900 fue una <strong>f\u00e1brica<\/strong> y tambi\u00e9n una <strong>prisi\u00f3n<\/strong> hasta que, entre los a\u00f1os \u201960-\u201970, fue comprada y restaurada por el Ayuntamiento. Gracias a otras obras de rehabilitaci\u00f3n en 2005 se encontraron los restos de la fortaleza original y el a\u00f1o siguiente se inaugur\u00f3 el nuevo <strong>Museo Arqueol\u00f3gico y de Historia de Elche<\/strong>. En este espacio las colecciones de objetos de las varias \u00e9pocas nos cuentan m\u00e1s sobre el pasado ilicitano y su importante patrimonio arqueol\u00f3gico.<\/p>\n<p>Adem\u00e1s, su abertura coincidi\u00f3 con el regreso tempor\u00e1neo de la <strong>Dama de Elche<\/strong>, una de las <strong>obras escult\u00f3ricas m\u00e1s famosas del mundo<\/strong>. Se trata de un busto labrado en piedra arenisca que, el momento del hallazgo, conservaba restos de pintura roja, azul y blanca como decoraciones de los labios, de la mantilla y del manto. Es una escultura que todav\u00eda esconde misterios ya que no se conoce la identidad de la \u201cdama\u201d representada ni la finalidad de la cavidad situada en su parte posterior. En el MAHE se puede observar una reproducci\u00f3n a tama\u00f1o real de la obra, mientras la original se custodia en el\u00a0<strong>Museo Arqueol\u00f3gico Nacional <\/strong>de <strong>Madrid<\/strong>.<\/p>\n<figure id=\"attachment_15963\" aria-describedby=\"caption-attachment-15963\" style=\"width: 900px\" class=\"wp-caption aligncenter\"><a href=\"https:\/\/checkinblog.it\/wp-content\/uploads\/2019\/01\/palacio-de-altamira-elche-espana.jpg\"><img decoding=\"async\" class=\"wp-image-15963 lazyload\" data-src=\"https:\/\/checkinblog.it\/wp-content\/uploads\/2019\/01\/palacio-de-altamira-elche-espana.jpg\" alt=\"Qu\u00e9 ver en el centro de Elx: el Palacio de Altamira\" width=\"900\" height=\"675\" data-srcset=\"https:\/\/checkinblog.it\/wp-content\/uploads\/2019\/01\/palacio-de-altamira-elche-espana.jpg 1200w, https:\/\/checkinblog.it\/wp-content\/uploads\/2019\/01\/palacio-de-altamira-elche-espana-300x225.jpg 300w, https:\/\/checkinblog.it\/wp-content\/uploads\/2019\/01\/palacio-de-altamira-elche-espana-1024x768.jpg 1024w\" data-sizes=\"(max-width: 900px) 100vw, 900px\" src=\"data:image\/svg+xml;base64,PHN2ZyB3aWR0aD0iMSIgaGVpZ2h0PSIxIiB4bWxucz0iaHR0cDovL3d3dy53My5vcmcvMjAwMC9zdmciPjwvc3ZnPg==\" style=\"--smush-placeholder-width: 900px; --smush-placeholder-aspect-ratio: 900\/675;\" \/><\/a><figcaption id=\"caption-attachment-15963\" class=\"wp-caption-text\">Palacio de Altamira<\/figcaption><\/figure>\n<figure id=\"attachment_15975\" aria-describedby=\"caption-attachment-15975\" style=\"width: 900px\" class=\"wp-caption aligncenter\"><a href=\"https:\/\/checkinblog.it\/wp-content\/uploads\/2019\/01\/que-ver-en-elche-museo-arqueologico.jpg\"><img decoding=\"async\" class=\"wp-image-15975 lazyload\" data-src=\"https:\/\/checkinblog.it\/wp-content\/uploads\/2019\/01\/que-ver-en-elche-museo-arqueologico.jpg\" alt=\"Visita del Museo Arqueol\u00f3gico en el Palacio de Altamira de Elche\" width=\"900\" height=\"675\" data-srcset=\"https:\/\/checkinblog.it\/wp-content\/uploads\/2019\/01\/que-ver-en-elche-museo-arqueologico.jpg 1200w, https:\/\/checkinblog.it\/wp-content\/uploads\/2019\/01\/que-ver-en-elche-museo-arqueologico-300x225.jpg 300w, https:\/\/checkinblog.it\/wp-content\/uploads\/2019\/01\/que-ver-en-elche-museo-arqueologico-1024x768.jpg 1024w\" data-sizes=\"(max-width: 900px) 100vw, 900px\" src=\"data:image\/svg+xml;base64,PHN2ZyB3aWR0aD0iMSIgaGVpZ2h0PSIxIiB4bWxucz0iaHR0cDovL3d3dy53My5vcmcvMjAwMC9zdmciPjwvc3ZnPg==\" style=\"--smush-placeholder-width: 900px; --smush-placeholder-aspect-ratio: 900\/675;\" \/><\/a><figcaption id=\"caption-attachment-15975\" class=\"wp-caption-text\">Museo Arquel\u00f3gico de Elche<\/figcaption><\/figure>\n<figure id=\"attachment_15958\" aria-describedby=\"caption-attachment-15958\" style=\"width: 900px\" class=\"wp-caption aligncenter\"><a href=\"https:\/\/checkinblog.it\/wp-content\/uploads\/2019\/01\/dama-de-elche-museo-arqueologico-costa-blanca-espana.jpg\"><img decoding=\"async\" class=\"wp-image-15958 lazyload\" data-src=\"https:\/\/checkinblog.it\/wp-content\/uploads\/2019\/01\/dama-de-elche-museo-arqueologico-costa-blanca-espana.jpg\" alt=\"Copia de la Dama de Elx - Museo Arqueol\u00f3gico\" width=\"900\" height=\"675\" data-srcset=\"https:\/\/checkinblog.it\/wp-content\/uploads\/2019\/01\/dama-de-elche-museo-arqueologico-costa-blanca-espana.jpg 1200w, https:\/\/checkinblog.it\/wp-content\/uploads\/2019\/01\/dama-de-elche-museo-arqueologico-costa-blanca-espana-300x225.jpg 300w, https:\/\/checkinblog.it\/wp-content\/uploads\/2019\/01\/dama-de-elche-museo-arqueologico-costa-blanca-espana-1024x768.jpg 1024w\" data-sizes=\"(max-width: 900px) 100vw, 900px\" src=\"data:image\/svg+xml;base64,PHN2ZyB3aWR0aD0iMSIgaGVpZ2h0PSIxIiB4bWxucz0iaHR0cDovL3d3dy53My5vcmcvMjAwMC9zdmciPjwvc3ZnPg==\" style=\"--smush-placeholder-width: 900px; --smush-placeholder-aspect-ratio: 900\/675;\" \/><\/a><figcaption id=\"caption-attachment-15958\" class=\"wp-caption-text\">Dama de Elx<\/figcaption><\/figure>\n<p>Otro sitio que os recomiendo visitar es el <strong>Museo de la Festa<\/strong>, dedicado al <strong>Misteri d\u2019Elx<\/strong>. Es un drama cantado y de origen medieval \u2013 segunda mitad del siglo XV &#8211; sobre la <strong>Asunci\u00f3n de la Virgen Mar\u00eda<\/strong> a los cielos. Se representa el 14 y el 15 de agosto y en los a\u00f1os pares tambi\u00e9n al final de octubre. El escenario sigue siendo la <strong>Bas\u00edlica de Santa Mar\u00eda<\/strong>.<\/p>\n<p>Los cantos son de \u00e9pocas y estilos diferentes, o sea medieval, renacentista y barroca. Los dos elementos que caracterizan el espect\u00e1culo son la presencia de cantores no profesionales y una escolan\u00eda infantil de voces blancas para los papeles de Mar\u00eda y de los \u00e1ngeles, eso porque durante la Edad Media las mujeres no pod\u00edan participar en la representaci\u00f3n.<\/p>\n<p>El <em>Misteri d\u2019Elx<\/em> fue la <strong>primera fiesta espa\u00f1ola<\/strong> a ser declarada \u201c<strong>Obra Maestra del Patrimonio Oral e Inmaterial de la Humanidad<\/strong>\u201d por la <strong>Unesco<\/strong> en 2001.<\/p>\n<p>El Museo est\u00e1 dividido en dos salas:<\/p>\n<ul>\n<li>en la primera se pueden mirar instrumentos, vestidos y muchos de los objetos utilizados a lo largo de los a\u00f1os;<\/li>\n<li>en la segunda, que ocupa la nave de la Ermita g\u00f3tica de San Sebasti\u00e1n, un film de media hora de duraci\u00f3n permite revivir toda la emoci\u00f3n del drama con la ayuda de efectos especiales.<\/li>\n<\/ul>\n<p>&nbsp;<\/p>\n<p>Para m\u00ed este museo fue la aut\u00e9ntica sorpresa de Elche y me ha dejado muchas ganas de volver para atender el espect\u00e1culo.<\/p>\n<figure id=\"attachment_15962\" aria-describedby=\"caption-attachment-15962\" style=\"width: 900px\" class=\"wp-caption aligncenter\"><a href=\"https:\/\/checkinblog.it\/wp-content\/uploads\/2019\/01\/museo-de-la-festa-misteri-elx-espana.jpg\"><img decoding=\"async\" class=\"wp-image-15962 lazyload\" data-src=\"https:\/\/checkinblog.it\/wp-content\/uploads\/2019\/01\/museo-de-la-festa-misteri-elx-espana.jpg\" alt=\"Museo de la Festa, el Misteri d'Elx\" width=\"900\" height=\"675\" data-srcset=\"https:\/\/checkinblog.it\/wp-content\/uploads\/2019\/01\/museo-de-la-festa-misteri-elx-espana.jpg 1200w, https:\/\/checkinblog.it\/wp-content\/uploads\/2019\/01\/museo-de-la-festa-misteri-elx-espana-300x225.jpg 300w, https:\/\/checkinblog.it\/wp-content\/uploads\/2019\/01\/museo-de-la-festa-misteri-elx-espana-1024x768.jpg 1024w\" data-sizes=\"(max-width: 900px) 100vw, 900px\" src=\"data:image\/svg+xml;base64,PHN2ZyB3aWR0aD0iMSIgaGVpZ2h0PSIxIiB4bWxucz0iaHR0cDovL3d3dy53My5vcmcvMjAwMC9zdmciPjwvc3ZnPg==\" style=\"--smush-placeholder-width: 900px; --smush-placeholder-aspect-ratio: 900\/675;\" \/><\/a><figcaption id=\"caption-attachment-15962\" class=\"wp-caption-text\">Museo de la Festa<\/figcaption><\/figure>\n<figure id=\"attachment_15978\" aria-describedby=\"caption-attachment-15978\" style=\"width: 900px\" class=\"wp-caption aligncenter\"><a href=\"https:\/\/checkinblog.it\/wp-content\/uploads\/2019\/01\/visita-museo-de-la-festa-misteri-elx-alicante-espana.jpg\"><img decoding=\"async\" class=\"wp-image-15978 lazyload\" data-src=\"https:\/\/checkinblog.it\/wp-content\/uploads\/2019\/01\/visita-museo-de-la-festa-misteri-elx-alicante-espana.jpg\" alt=\"Visita del Museo del Misteri d'Elx - Check-in Blog di Stefano Bagnasco\" width=\"900\" height=\"675\" data-srcset=\"https:\/\/checkinblog.it\/wp-content\/uploads\/2019\/01\/visita-museo-de-la-festa-misteri-elx-alicante-espana.jpg 1200w, https:\/\/checkinblog.it\/wp-content\/uploads\/2019\/01\/visita-museo-de-la-festa-misteri-elx-alicante-espana-300x225.jpg 300w, https:\/\/checkinblog.it\/wp-content\/uploads\/2019\/01\/visita-museo-de-la-festa-misteri-elx-alicante-espana-1024x768.jpg 1024w\" data-sizes=\"(max-width: 900px) 100vw, 900px\" src=\"data:image\/svg+xml;base64,PHN2ZyB3aWR0aD0iMSIgaGVpZ2h0PSIxIiB4bWxucz0iaHR0cDovL3d3dy53My5vcmcvMjAwMC9zdmciPjwvc3ZnPg==\" style=\"--smush-placeholder-width: 900px; --smush-placeholder-aspect-ratio: 900\/675;\" \/><\/a><figcaption id=\"caption-attachment-15978\" class=\"wp-caption-text\">Museo del Misteri d&#8217;Elx<\/figcaption><\/figure>\n<p>Paseando por el <strong>casco viejo de Elche<\/strong> se observan varios lugares y edificios que destacan por sus relevancia hist\u00f3rica, por ejemplo:<\/p>\n<ul>\n<li>la <strong>Torre de la Calahorra<\/strong>, parte de la antigua muralla y erigida en el siglo XIII para proteger la puerta de acceso m\u00e1s importante de la ciudad;<\/li>\n<li>los <strong>Ba\u00f1os \u00c1rabes<\/strong>, realizados alrededor del 1150, son <strong>uno de los pocos ejemplos de<\/strong> <strong>arquitectura p\u00fablica isl\u00e1mica<\/strong> que ha quedado en la <strong>Comunidad Valenciana<\/strong>;<\/li>\n<li>el <strong>palacio del Ayuntamiento<\/strong>, edificado entre 1548-1645 en estilo renacentista y cuyo cuerpo central est\u00e1 ocupado por la <strong>torre del Consell <\/strong>(1444), la <strong>construcci\u00f3n municipal m\u00e1s antigua<\/strong> del sur de la Comunidad Valenciana.<\/li>\n<\/ul>\n<p>&nbsp;<\/p>\n<p>Adem\u00e1s, paseando al lado del <strong>r\u00edo Vinalop\u00f3<\/strong>, se puede apreciar la <strong>pintura mural<\/strong> sobre su lecho como resultado del <strong>Proyecto V\u00edbora<\/strong>.<\/p>\n<figure id=\"attachment_15976\" aria-describedby=\"caption-attachment-15976\" style=\"width: 900px\" class=\"wp-caption aligncenter\"><a href=\"https:\/\/checkinblog.it\/wp-content\/uploads\/2019\/01\/torre-de-la-calahorra-casco-historico-de-elche.jpg\"><img decoding=\"async\" class=\"wp-image-15976 lazyload\" data-src=\"https:\/\/checkinblog.it\/wp-content\/uploads\/2019\/01\/torre-de-la-calahorra-casco-historico-de-elche.jpg\" alt=\"Qu\u00e9 ver en Elche: Torre de la Calahorra (Espa\u00f1a)\" width=\"900\" height=\"675\" data-srcset=\"https:\/\/checkinblog.it\/wp-content\/uploads\/2019\/01\/torre-de-la-calahorra-casco-historico-de-elche.jpg 1200w, https:\/\/checkinblog.it\/wp-content\/uploads\/2019\/01\/torre-de-la-calahorra-casco-historico-de-elche-300x225.jpg 300w, https:\/\/checkinblog.it\/wp-content\/uploads\/2019\/01\/torre-de-la-calahorra-casco-historico-de-elche-1024x768.jpg 1024w\" data-sizes=\"(max-width: 900px) 100vw, 900px\" src=\"data:image\/svg+xml;base64,PHN2ZyB3aWR0aD0iMSIgaGVpZ2h0PSIxIiB4bWxucz0iaHR0cDovL3d3dy53My5vcmcvMjAwMC9zdmciPjwvc3ZnPg==\" style=\"--smush-placeholder-width: 900px; --smush-placeholder-aspect-ratio: 900\/675;\" \/><\/a><figcaption id=\"caption-attachment-15976\" class=\"wp-caption-text\">Torre de la Calahorra<\/figcaption><\/figure>\n<figure id=\"attachment_15974\" aria-describedby=\"caption-attachment-15974\" style=\"width: 900px\" class=\"wp-caption aligncenter\"><a href=\"https:\/\/checkinblog.it\/wp-content\/uploads\/2019\/01\/que-ver-en-elche-comunidad-valenciana-espana.jpg\"><img decoding=\"async\" class=\"wp-image-15974 lazyload\" data-src=\"https:\/\/checkinblog.it\/wp-content\/uploads\/2019\/01\/que-ver-en-elche-comunidad-valenciana-espana.jpg\" alt=\"El R\u00edo Vinalop\u00f3 en Elche (Espa\u00f1a)\" width=\"900\" height=\"675\" data-srcset=\"https:\/\/checkinblog.it\/wp-content\/uploads\/2019\/01\/que-ver-en-elche-comunidad-valenciana-espana.jpg 1200w, https:\/\/checkinblog.it\/wp-content\/uploads\/2019\/01\/que-ver-en-elche-comunidad-valenciana-espana-300x225.jpg 300w, https:\/\/checkinblog.it\/wp-content\/uploads\/2019\/01\/que-ver-en-elche-comunidad-valenciana-espana-1024x768.jpg 1024w\" data-sizes=\"(max-width: 900px) 100vw, 900px\" src=\"data:image\/svg+xml;base64,PHN2ZyB3aWR0aD0iMSIgaGVpZ2h0PSIxIiB4bWxucz0iaHR0cDovL3d3dy53My5vcmcvMjAwMC9zdmciPjwvc3ZnPg==\" style=\"--smush-placeholder-width: 900px; --smush-placeholder-aspect-ratio: 900\/675;\" \/><\/a><figcaption id=\"caption-attachment-15974\" class=\"wp-caption-text\">R\u00edo Vinalop\u00f3<\/figcaption><\/figure>\n<figure id=\"attachment_15973\" aria-describedby=\"caption-attachment-15973\" style=\"width: 900px\" class=\"wp-caption aligncenter\"><a href=\"https:\/\/checkinblog.it\/wp-content\/uploads\/2019\/01\/proyecto-vibora-rio-vinalopo-elche.jpg\"><img decoding=\"async\" class=\"wp-image-15973 lazyload\" data-src=\"https:\/\/checkinblog.it\/wp-content\/uploads\/2019\/01\/proyecto-vibora-rio-vinalopo-elche.jpg\" alt=\"Proyecto Vibora por el r\u00edo Vinalop\u00f3 de Elche\" width=\"900\" height=\"675\" data-srcset=\"https:\/\/checkinblog.it\/wp-content\/uploads\/2019\/01\/proyecto-vibora-rio-vinalopo-elche.jpg 1200w, https:\/\/checkinblog.it\/wp-content\/uploads\/2019\/01\/proyecto-vibora-rio-vinalopo-elche-300x225.jpg 300w, https:\/\/checkinblog.it\/wp-content\/uploads\/2019\/01\/proyecto-vibora-rio-vinalopo-elche-1024x768.jpg 1024w\" data-sizes=\"(max-width: 900px) 100vw, 900px\" src=\"data:image\/svg+xml;base64,PHN2ZyB3aWR0aD0iMSIgaGVpZ2h0PSIxIiB4bWxucz0iaHR0cDovL3d3dy53My5vcmcvMjAwMC9zdmciPjwvc3ZnPg==\" style=\"--smush-placeholder-width: 900px; --smush-placeholder-aspect-ratio: 900\/675;\" \/><\/a><figcaption id=\"caption-attachment-15973\" class=\"wp-caption-text\">Proyecto Vibora<\/figcaption><\/figure>\n<p>El <strong>Palmeral de Elche<\/strong> es el <strong>mayor de Europa<\/strong> y <strong>uno de los m\u00e1s grandes del mundo<\/strong>. Su expansi\u00f3n \u2013 actualmente se contan <strong>m\u00e1s de 200.000 ejemplares<\/strong> \u2013 comenz\u00f3 por los \u00e1rabes con la realizaci\u00f3n de una extensa red de riego que en parte existe todav\u00eda hoy. El palmeral parece ser un bosque aunque en realidad no lo sea. De hecho, est\u00e1 dividido en <strong>huertos<\/strong> que, sobre todo en pasado, se utilizaban con fines agrarios. Hoy, solo ha quedado la producci\u00f3n de <strong>palmas blancas<\/strong> para el Domingo de Ramos y las cosechas de d\u00e1tiles para el mercado local.<\/p>\n<p>El <strong>parque municipal<\/strong> es el \u201c<strong>pulm\u00f3n verde<\/strong>\u201d de <strong>Elche<\/strong> y est\u00e1 ubicado a pocos metros del Palacio de Altamira. Aqu\u00ed se encuentran la <strong>oficina de turismo<\/strong>, zonas de juegos para ni\u00f1os, una cafeter\u00eda-restaurante, fuentes y estanques.<\/p>\n<figure id=\"attachment_15970\" aria-describedby=\"caption-attachment-15970\" style=\"width: 900px\" class=\"wp-caption aligncenter\"><a href=\"https:\/\/checkinblog.it\/wp-content\/uploads\/2019\/01\/parque-municipal-palmeral-elche-espana.jpg\"><img decoding=\"async\" class=\"wp-image-15970 lazyload\" data-src=\"https:\/\/checkinblog.it\/wp-content\/uploads\/2019\/01\/parque-municipal-palmeral-elche-espana.jpg\" alt=\"Visita del Parque Municipal - Palmeral de Elche\" width=\"900\" height=\"675\" data-srcset=\"https:\/\/checkinblog.it\/wp-content\/uploads\/2019\/01\/parque-municipal-palmeral-elche-espana.jpg 1200w, https:\/\/checkinblog.it\/wp-content\/uploads\/2019\/01\/parque-municipal-palmeral-elche-espana-300x225.jpg 300w, https:\/\/checkinblog.it\/wp-content\/uploads\/2019\/01\/parque-municipal-palmeral-elche-espana-1024x768.jpg 1024w\" data-sizes=\"(max-width: 900px) 100vw, 900px\" src=\"data:image\/svg+xml;base64,PHN2ZyB3aWR0aD0iMSIgaGVpZ2h0PSIxIiB4bWxucz0iaHR0cDovL3d3dy53My5vcmcvMjAwMC9zdmciPjwvc3ZnPg==\" style=\"--smush-placeholder-width: 900px; --smush-placeholder-aspect-ratio: 900\/675;\" \/><\/a><figcaption id=\"caption-attachment-15970\" class=\"wp-caption-text\">Parque Municipal<\/figcaption><\/figure>\n<p>Otro \u201cespacio verde\u201d que no hay que perder es el <strong>Huerto del Cura<\/strong>, declarado \u201c<strong>Jard\u00edn Art\u00edstico Nacional<\/strong>\u201d en 1943. Alberga una multitud de plantas mediterr\u00e1neas, tropicales y claramente palmeras.<\/p>\n<p>El ejemplar m\u00e1s conocido es sin duda la \u201c<strong>Palmera Imperial<\/strong>\u201d, formada por siete brazos que han crecido de forma sim\u00e9trica del tronco. Su nombre se debe a la emperatriz Siss\u00ed, que se qued\u00f3 sin palabras mientras la miraba durante su visita en 1894.<\/p>\n<figure id=\"attachment_15977\" aria-describedby=\"caption-attachment-15977\" style=\"width: 900px\" class=\"wp-caption aligncenter\"><a href=\"https:\/\/checkinblog.it\/wp-content\/uploads\/2019\/01\/visita-jardin-huerto-del-cura-elche-espana.jpg\"><img decoding=\"async\" class=\"wp-image-15977 lazyload\" data-src=\"https:\/\/checkinblog.it\/wp-content\/uploads\/2019\/01\/visita-jardin-huerto-del-cura-elche-espana.jpg\" alt=\"Palmeras del Jard\u00edn Huerto del Cura en Elche (Espa\u00f1a)\" width=\"900\" height=\"675\" data-srcset=\"https:\/\/checkinblog.it\/wp-content\/uploads\/2019\/01\/visita-jardin-huerto-del-cura-elche-espana.jpg 1200w, https:\/\/checkinblog.it\/wp-content\/uploads\/2019\/01\/visita-jardin-huerto-del-cura-elche-espana-300x225.jpg 300w, https:\/\/checkinblog.it\/wp-content\/uploads\/2019\/01\/visita-jardin-huerto-del-cura-elche-espana-1024x768.jpg 1024w\" data-sizes=\"(max-width: 900px) 100vw, 900px\" src=\"data:image\/svg+xml;base64,PHN2ZyB3aWR0aD0iMSIgaGVpZ2h0PSIxIiB4bWxucz0iaHR0cDovL3d3dy53My5vcmcvMjAwMC9zdmciPjwvc3ZnPg==\" style=\"--smush-placeholder-width: 900px; --smush-placeholder-aspect-ratio: 900\/675;\" \/><\/a><figcaption id=\"caption-attachment-15977\" class=\"wp-caption-text\">Huerto del Cura<\/figcaption><\/figure>\n<figure id=\"attachment_15969\" aria-describedby=\"caption-attachment-15969\" style=\"width: 900px\" class=\"wp-caption aligncenter\"><a href=\"https:\/\/checkinblog.it\/wp-content\/uploads\/2019\/01\/palmera-imperial-jardin-huerto-del-cura-elche-espana.jpg\"><img decoding=\"async\" class=\"wp-image-15969 lazyload\" data-src=\"https:\/\/checkinblog.it\/wp-content\/uploads\/2019\/01\/palmera-imperial-jardin-huerto-del-cura-elche-espana.jpg\" alt=\"La Palmera Imperial - Jard\u00edn Huerto del Cura, Elche\" width=\"900\" height=\"675\" data-srcset=\"https:\/\/checkinblog.it\/wp-content\/uploads\/2019\/01\/palmera-imperial-jardin-huerto-del-cura-elche-espana.jpg 1200w, https:\/\/checkinblog.it\/wp-content\/uploads\/2019\/01\/palmera-imperial-jardin-huerto-del-cura-elche-espana-300x225.jpg 300w, https:\/\/checkinblog.it\/wp-content\/uploads\/2019\/01\/palmera-imperial-jardin-huerto-del-cura-elche-espana-1024x768.jpg 1024w\" data-sizes=\"(max-width: 900px) 100vw, 900px\" src=\"data:image\/svg+xml;base64,PHN2ZyB3aWR0aD0iMSIgaGVpZ2h0PSIxIiB4bWxucz0iaHR0cDovL3d3dy53My5vcmcvMjAwMC9zdmciPjwvc3ZnPg==\" style=\"--smush-placeholder-width: 900px; --smush-placeholder-aspect-ratio: 900\/675;\" \/><\/a><figcaption id=\"caption-attachment-15969\" class=\"wp-caption-text\">Palmera Imperial<\/figcaption><\/figure>\n<p>Visitar todo el palmeral en un d\u00eda es imposible, as\u00ed que existe un recorrido tur\u00edstico &#8211; la <a href=\"http:\/\/www.visitelche.com\/rutas\/ruta-de-las-palmeras-singulares\/ruta-de-las-palmeras-singulares\/\" target=\"_blank\" rel=\"noopener noreferrer\"><span style=\"color: #000080;\"><strong><em>ruta de las palmeras singulares<\/em><\/strong><\/span><\/a> &#8211; para descubrir 19 palmeras que destacan por su historia, belleza y morfolog\u00eda. Algunos ejemplares:<\/p>\n<ul>\n<li>\u201c<strong>la Cobra<\/strong>\u201d, (<em>Hotel Huerto del Cura<\/em>) llamada as\u00ed por su forma debida a las tres cuartas partes del tronco extendido sobre el suelo mientras el \u00faltimo tramo se alza en vertical;<\/li>\n<li>\u201c<strong>la Pipa de San Pl\u00e1cido<\/strong>\u201d, (ubicada en el <strong>Museo del Palmeral<\/strong>) durante el crecimiento el tronco comenz\u00f3 a inclinarse progresivamente hacia el suelo sin caer;<\/li>\n<li>\u201c<strong>la Palmera del Forat<\/strong>\u201d, a pesar del agujero que la atraviesa de un lado a otro tiene un excelente estado de salud;<\/li>\n<li>muchas de las palmeras singulares se encuentran en el <em>Parque Municipal<\/em>, por ejemplo \u201c<strong>el Tridente<\/strong>\u201d, \u201c<strong>la Centinela<\/strong>\u201d (la m\u00e1s alta del Palmeral) y \u201c<strong>la Palmera del Colom<\/strong>\u201d.<\/li>\n<\/ul>\n<p>&nbsp;<\/p>\n<p>Para buscar m\u00e1s\u00a0<strong>informaciones sobre lo que ver y hacer<\/strong> <strong>en Elche\u00a0<\/strong>os recomiendo echar un vistazo a la <a href=\"http:\/\/www.visitelche.com\/\" target=\"_blank\" rel=\"noopener noreferrer\"><span style=\"color: #000080;\"><strong><em>p\u00e1gina web de la oficina de turismo de la ciudad<\/em><\/strong><\/span><\/a>.<\/p>\n<figure id=\"attachment_15960\" aria-describedby=\"caption-attachment-15960\" style=\"width: 900px\" class=\"wp-caption aligncenter\"><a href=\"https:\/\/checkinblog.it\/wp-content\/uploads\/2019\/01\/hotel-huerto-del-cura-palmera-cobra-elche-espana.jpg\"><img decoding=\"async\" class=\"wp-image-15960 lazyload\" data-src=\"https:\/\/checkinblog.it\/wp-content\/uploads\/2019\/01\/hotel-huerto-del-cura-palmera-cobra-elche-espana.jpg\" alt=\"Palmera la Cobra - Hotel Huerto del Cura de Elche (Espa\u00f1a)\" width=\"900\" height=\"675\" data-srcset=\"https:\/\/checkinblog.it\/wp-content\/uploads\/2019\/01\/hotel-huerto-del-cura-palmera-cobra-elche-espana.jpg 1200w, https:\/\/checkinblog.it\/wp-content\/uploads\/2019\/01\/hotel-huerto-del-cura-palmera-cobra-elche-espana-300x225.jpg 300w, https:\/\/checkinblog.it\/wp-content\/uploads\/2019\/01\/hotel-huerto-del-cura-palmera-cobra-elche-espana-1024x768.jpg 1024w\" data-sizes=\"(max-width: 900px) 100vw, 900px\" src=\"data:image\/svg+xml;base64,PHN2ZyB3aWR0aD0iMSIgaGVpZ2h0PSIxIiB4bWxucz0iaHR0cDovL3d3dy53My5vcmcvMjAwMC9zdmciPjwvc3ZnPg==\" style=\"--smush-placeholder-width: 900px; --smush-placeholder-aspect-ratio: 900\/675;\" \/><\/a><figcaption id=\"caption-attachment-15960\" class=\"wp-caption-text\">Palmera la Cobra<\/figcaption><\/figure>\n<figure id=\"attachment_15971\" aria-describedby=\"caption-attachment-15971\" style=\"width: 900px\" class=\"wp-caption aligncenter\"><a href=\"https:\/\/checkinblog.it\/wp-content\/uploads\/2019\/01\/pipa-de-san-placido-palmeral-de-elche-espana.jpg\"><img decoding=\"async\" class=\"wp-image-15971 lazyload\" data-src=\"https:\/\/checkinblog.it\/wp-content\/uploads\/2019\/01\/pipa-de-san-placido-palmeral-de-elche-espana.jpg\" alt=\"Ruta de las palmeras singulares de Elche - &quot;La Pipa de San Placido&quot;\" width=\"900\" height=\"675\" data-srcset=\"https:\/\/checkinblog.it\/wp-content\/uploads\/2019\/01\/pipa-de-san-placido-palmeral-de-elche-espana.jpg 1200w, https:\/\/checkinblog.it\/wp-content\/uploads\/2019\/01\/pipa-de-san-placido-palmeral-de-elche-espana-300x225.jpg 300w, https:\/\/checkinblog.it\/wp-content\/uploads\/2019\/01\/pipa-de-san-placido-palmeral-de-elche-espana-1024x768.jpg 1024w\" data-sizes=\"(max-width: 900px) 100vw, 900px\" src=\"data:image\/svg+xml;base64,PHN2ZyB3aWR0aD0iMSIgaGVpZ2h0PSIxIiB4bWxucz0iaHR0cDovL3d3dy53My5vcmcvMjAwMC9zdmciPjwvc3ZnPg==\" style=\"--smush-placeholder-width: 900px; --smush-placeholder-aspect-ratio: 900\/675;\" \/><\/a><figcaption id=\"caption-attachment-15971\" class=\"wp-caption-text\">\u00abLa Pipa de S. Placido\u00bb<\/figcaption><\/figure>\n<figure id=\"attachment_15967\" aria-describedby=\"caption-attachment-15967\" style=\"width: 900px\" class=\"wp-caption aligncenter\"><a href=\"https:\/\/checkinblog.it\/wp-content\/uploads\/2019\/01\/palmera-del-forat-palmeral-de-elche-costa-blanca-espana.jpg\"><img decoding=\"async\" class=\"wp-image-15967 lazyload\" data-src=\"https:\/\/checkinblog.it\/wp-content\/uploads\/2019\/01\/palmera-del-forat-palmeral-de-elche-costa-blanca-espana.jpg\" alt=\"La Palmera del Forat en Elx - Comunidad Valenciana, Espa\u00f1a\" width=\"900\" height=\"675\" data-srcset=\"https:\/\/checkinblog.it\/wp-content\/uploads\/2019\/01\/palmera-del-forat-palmeral-de-elche-costa-blanca-espana.jpg 1200w, https:\/\/checkinblog.it\/wp-content\/uploads\/2019\/01\/palmera-del-forat-palmeral-de-elche-costa-blanca-espana-300x225.jpg 300w, https:\/\/checkinblog.it\/wp-content\/uploads\/2019\/01\/palmera-del-forat-palmeral-de-elche-costa-blanca-espana-1024x768.jpg 1024w\" data-sizes=\"(max-width: 900px) 100vw, 900px\" src=\"data:image\/svg+xml;base64,PHN2ZyB3aWR0aD0iMSIgaGVpZ2h0PSIxIiB4bWxucz0iaHR0cDovL3d3dy53My5vcmcvMjAwMC9zdmciPjwvc3ZnPg==\" style=\"--smush-placeholder-width: 900px; --smush-placeholder-aspect-ratio: 900\/675;\" \/><\/a><figcaption id=\"caption-attachment-15967\" class=\"wp-caption-text\">\u00abPalmera del Forat\u00bb<\/figcaption><\/figure>\n<p>&nbsp;<\/p>\n<h2><span style=\"color: #000080;\">Donde alojar en Elche<\/span><\/h2>\n<p>Ubicado en el <strong>centro de Elche<\/strong>, el <a href=\"http:\/\/www.hotelhuertodelcura.com\/\" target=\"_blank\" rel=\"noopener noreferrer\"><span style=\"color: #000080;\"><strong><em>Hotel Huerto del Cura<\/em><\/strong><\/span><\/a> fue la mejor opci\u00f3n para visitar la ciudad y relajarme en un lugar \u00fanico rodeado por la naturaleza.<\/p>\n<p>De hecho, se coloca en el <strong>Palmeral<\/strong> y sus habitaciones son peque\u00f1os bungalows que se mimetizan con los jardines y las palmeras, incluida la singular \u201c<em>Cobra<\/em>\u201d. Adem\u00e1s, tambi\u00e9n hay una piscina (el desayuno a buffet se sirve justo a su lado), una cafeter\u00eda y restaurante, sauna y varias facilidades deportivas.<\/p>\n<figure id=\"attachment_15957\" aria-describedby=\"caption-attachment-15957\" style=\"width: 900px\" class=\"wp-caption aligncenter\"><a href=\"https:\/\/checkinblog.it\/wp-content\/uploads\/2019\/01\/bungalow-hotel-huerto-del-cura-elche-comunidad-valenciana.jpg\"><img decoding=\"async\" class=\"wp-image-15957 lazyload\" data-src=\"https:\/\/checkinblog.it\/wp-content\/uploads\/2019\/01\/bungalow-hotel-huerto-del-cura-elche-comunidad-valenciana.jpg\" alt=\"Donde alojar en Elche - Hotel Huerto del Cura\" width=\"900\" height=\"675\" data-srcset=\"https:\/\/checkinblog.it\/wp-content\/uploads\/2019\/01\/bungalow-hotel-huerto-del-cura-elche-comunidad-valenciana.jpg 1200w, https:\/\/checkinblog.it\/wp-content\/uploads\/2019\/01\/bungalow-hotel-huerto-del-cura-elche-comunidad-valenciana-300x225.jpg 300w, https:\/\/checkinblog.it\/wp-content\/uploads\/2019\/01\/bungalow-hotel-huerto-del-cura-elche-comunidad-valenciana-1024x768.jpg 1024w\" data-sizes=\"(max-width: 900px) 100vw, 900px\" src=\"data:image\/svg+xml;base64,PHN2ZyB3aWR0aD0iMSIgaGVpZ2h0PSIxIiB4bWxucz0iaHR0cDovL3d3dy53My5vcmcvMjAwMC9zdmciPjwvc3ZnPg==\" style=\"--smush-placeholder-width: 900px; --smush-placeholder-aspect-ratio: 900\/675;\" \/><\/a><figcaption id=\"caption-attachment-15957\" class=\"wp-caption-text\">Hotel Huerto del Cura<\/figcaption><\/figure>\n<figure id=\"attachment_15959\" aria-describedby=\"caption-attachment-15959\" style=\"width: 900px\" class=\"wp-caption aligncenter\"><a href=\"https:\/\/checkinblog.it\/wp-content\/uploads\/2019\/01\/donde-alojar-en-elche-hotel-huerto-del-cura.jpg\"><img decoding=\"async\" class=\"wp-image-15959 lazyload\" data-src=\"https:\/\/checkinblog.it\/wp-content\/uploads\/2019\/01\/donde-alojar-en-elche-hotel-huerto-del-cura.jpg\" alt=\"D\u00f3nde dormir en Elche - Hotel Huerto del Cura\" width=\"900\" height=\"675\" data-srcset=\"https:\/\/checkinblog.it\/wp-content\/uploads\/2019\/01\/donde-alojar-en-elche-hotel-huerto-del-cura.jpg 1200w, https:\/\/checkinblog.it\/wp-content\/uploads\/2019\/01\/donde-alojar-en-elche-hotel-huerto-del-cura-300x225.jpg 300w, https:\/\/checkinblog.it\/wp-content\/uploads\/2019\/01\/donde-alojar-en-elche-hotel-huerto-del-cura-1024x768.jpg 1024w\" data-sizes=\"(max-width: 900px) 100vw, 900px\" src=\"data:image\/svg+xml;base64,PHN2ZyB3aWR0aD0iMSIgaGVpZ2h0PSIxIiB4bWxucz0iaHR0cDovL3d3dy53My5vcmcvMjAwMC9zdmciPjwvc3ZnPg==\" style=\"--smush-placeholder-width: 900px; --smush-placeholder-aspect-ratio: 900\/675;\" \/><\/a><figcaption id=\"caption-attachment-15959\" class=\"wp-caption-text\">Alojamiento en el Palmeral de Elche<\/figcaption><\/figure>\n<figure id=\"attachment_15972\" aria-describedby=\"caption-attachment-15972\" style=\"width: 900px\" class=\"wp-caption aligncenter\"><a href=\"https:\/\/checkinblog.it\/wp-content\/uploads\/2019\/01\/piscina-hotel-huerto-del-cura-elche-espana.jpg\"><img decoding=\"async\" class=\"wp-image-15972 lazyload\" data-src=\"https:\/\/checkinblog.it\/wp-content\/uploads\/2019\/01\/piscina-hotel-huerto-del-cura-elche-espana.jpg\" alt=\"Alojamiento en Elche, Hotel Huerto del Cura y su piscina\" width=\"900\" height=\"675\" data-srcset=\"https:\/\/checkinblog.it\/wp-content\/uploads\/2019\/01\/piscina-hotel-huerto-del-cura-elche-espana.jpg 1200w, https:\/\/checkinblog.it\/wp-content\/uploads\/2019\/01\/piscina-hotel-huerto-del-cura-elche-espana-300x225.jpg 300w, https:\/\/checkinblog.it\/wp-content\/uploads\/2019\/01\/piscina-hotel-huerto-del-cura-elche-espana-1024x768.jpg 1024w\" data-sizes=\"(max-width: 900px) 100vw, 900px\" src=\"data:image\/svg+xml;base64,PHN2ZyB3aWR0aD0iMSIgaGVpZ2h0PSIxIiB4bWxucz0iaHR0cDovL3d3dy53My5vcmcvMjAwMC9zdmciPjwvc3ZnPg==\" style=\"--smush-placeholder-width: 900px; --smush-placeholder-aspect-ratio: 900\/675;\" \/><\/a><figcaption id=\"caption-attachment-15972\" class=\"wp-caption-text\">Piscina en el Huerto del Cura<\/figcaption><\/figure>\n<p>El alojamiento est\u00e1 en frente del <strong>jard\u00edn Huerto del Cura<\/strong>, de aqu\u00ed se llega al <strong>casco hist\u00f3rico<\/strong> de la ciudad con un paseo de 5 minutos y muy cerca hay tambi\u00e9n una parada \u2013 Av. Juan Carlos I, Jesuitinas) del autob\u00fas con destino el Aeropuerto. La estaci\u00f3n de autobuses se encuentra en el norte de Elche, a unos 20-25 minutos paseando del hotel.<\/p>\n<p>&nbsp;<\/p>\n","protected":false},"excerpt":{"rendered":"<p>Tras haberme quedado dos d\u00edas en Alicante, pr\u00f3xima etapa en Costa Blanca es la ciudad de Elche. Se encuentra a poco m\u00e1s de 20 Km de Alicante y por eso es una localidad muy popular para hacer una excursi\u00f3n diaria. De hecho, hay muchas conexiones diarias en autob\u00fas \u2013 operadas por el Grupo Vectalia-Sub\u00fas \u2013 [&hellip;]<\/p>\n","protected":false},"author":6,"featured_media":15974,"comment_status":"open","ping_status":"open","sticky":false,"template":"","format":"standard","meta":{"_acf_changed":false,"_monsterinsights_skip_tracking":false,"_monsterinsights_sitenote_active":false,"_monsterinsights_sitenote_note":"","_monsterinsights_sitenote_category":0,"footnotes":""},"categories":[840,556],"tags":[1070,988,1071],"class_list":["post-15560","post","type-post","status-publish","format-standard","has-post-thumbnail","hentry","category-espana-del-sur","category-visitar-espana","tag-checkinvlc-es","tag-comunidad-valenciana-es","tag-elche-es"],"acf":[],"yoast_head":"<!-- This site is optimized with the Yoast SEO plugin v26.7 - https:\/\/yoast.com\/wordpress\/plugins\/seo\/ -->\n<title>Elche, qu\u00e9 ver y qu\u00e9 hacer en la ciudad Patrimonio de la Humanidad por la Unesco<\/title>\n<meta name=\"description\" content=\"Conocida por el Palmeral de Elche, la ciudad del sur de Espa\u00f1a tiene una historia milenaria con un relevante patrimonio cultural para descubrir en un d\u00eda.\" \/>\n<meta name=\"robots\" content=\"index, follow, max-snippet:-1, max-image-preview:large, max-video-preview:-1\" \/>\n<link rel=\"canonical\" href=\"https:\/\/checkinblog.it\/es\/que-ver-en-elche-comunidad-valenciana-espana\/\" \/>\n<meta property=\"og:locale\" content=\"es_ES\" \/>\n<meta property=\"og:type\" content=\"article\" \/>\n<meta property=\"og:title\" content=\"Elche, qu\u00e9 ver y qu\u00e9 hacer en la ciudad Patrimonio de la Humanidad por la Unesco\" \/>\n<meta property=\"og:description\" content=\"Conocida por el Palmeral de Elche, la ciudad del sur de Espa\u00f1a tiene una historia milenaria con un relevante patrimonio cultural para descubrir en un d\u00eda.\" \/>\n<meta property=\"og:url\" content=\"https:\/\/checkinblog.it\/es\/que-ver-en-elche-comunidad-valenciana-espana\/\" \/>\n<meta property=\"og:site_name\" content=\"CheckinBlog - Travel Blog\" \/>\n<meta property=\"article:publisher\" content=\"https:\/\/www.facebook.com\/checkinblog?ref=hl\" \/>\n<meta property=\"article:author\" content=\"https:\/\/www.facebook.com\/checkinblog\" \/>\n<meta property=\"article:published_time\" content=\"2019-01-08T07:32:28+00:00\" \/>\n<meta property=\"article:modified_time\" content=\"2021-04-28T15:03:27+00:00\" \/>\n<meta property=\"og:image\" content=\"https:\/\/checkinblog.it\/wp-content\/uploads\/2019\/01\/que-ver-en-elche-comunidad-valenciana-espana.jpg\" \/>\n\t<meta property=\"og:image:width\" content=\"1200\" \/>\n\t<meta property=\"og:image:height\" content=\"900\" \/>\n\t<meta property=\"og:image:type\" content=\"image\/jpeg\" \/>\n<meta name=\"author\" content=\"Stefano Bagnasco\" \/>\n<meta name=\"twitter:card\" content=\"summary_large_image\" \/>\n<meta name=\"twitter:creator\" content=\"@https:\/\/twitter.com\/Checkin_blog\" \/>\n<meta name=\"twitter:site\" content=\"@Checkin_blog\" \/>\n<meta name=\"twitter:label1\" content=\"Escrito por\" \/>\n\t<meta name=\"twitter:data1\" content=\"Stefano Bagnasco\" \/>\n\t<meta name=\"twitter:label2\" content=\"Tiempo de lectura\" \/>\n\t<meta name=\"twitter:data2\" content=\"12 minutos\" \/>\n<script type=\"application\/ld+json\" class=\"yoast-schema-graph\">{\"@context\":\"https:\/\/schema.org\",\"@graph\":[{\"@type\":\"Article\",\"@id\":\"https:\/\/checkinblog.it\/es\/que-ver-en-elche-comunidad-valenciana-espana\/#article\",\"isPartOf\":{\"@id\":\"https:\/\/checkinblog.it\/es\/que-ver-en-elche-comunidad-valenciana-espana\/\"},\"author\":{\"name\":\"Stefano Bagnasco\",\"@id\":\"https:\/\/checkinblog.it\/es\/#\/schema\/person\/a4263ee67f7d19fd41f503cc808642a9\"},\"headline\":\"Elche (provincia de Alicante), qu\u00e9 ver en la ciudad espa\u00f1ola con el Palmeral m\u00e1s grande de Europa\",\"datePublished\":\"2019-01-08T07:32:28+00:00\",\"dateModified\":\"2021-04-28T15:03:27+00:00\",\"mainEntityOfPage\":{\"@id\":\"https:\/\/checkinblog.it\/es\/que-ver-en-elche-comunidad-valenciana-espana\/\"},\"wordCount\":1878,\"commentCount\":0,\"publisher\":{\"@id\":\"https:\/\/checkinblog.it\/es\/#organization\"},\"image\":{\"@id\":\"https:\/\/checkinblog.it\/es\/que-ver-en-elche-comunidad-valenciana-espana\/#primaryimage\"},\"thumbnailUrl\":\"https:\/\/checkinblog.it\/wp-content\/uploads\/2019\/01\/que-ver-en-elche-comunidad-valenciana-espana.jpg\",\"keywords\":[\"#checkinVLC\",\"Comunidad Valenciana\",\"elche\"],\"articleSection\":[\"Espa\u00f1a del sur\",\"Visitar Espa\u00f1a\"],\"inLanguage\":\"es\",\"potentialAction\":[{\"@type\":\"CommentAction\",\"name\":\"Comment\",\"target\":[\"https:\/\/checkinblog.it\/es\/que-ver-en-elche-comunidad-valenciana-espana\/#respond\"]}]},{\"@type\":\"WebPage\",\"@id\":\"https:\/\/checkinblog.it\/es\/que-ver-en-elche-comunidad-valenciana-espana\/\",\"url\":\"https:\/\/checkinblog.it\/es\/que-ver-en-elche-comunidad-valenciana-espana\/\",\"name\":\"Elche, qu\u00e9 ver y qu\u00e9 hacer en la ciudad Patrimonio de la Humanidad por la Unesco\",\"isPartOf\":{\"@id\":\"https:\/\/checkinblog.it\/es\/#website\"},\"primaryImageOfPage\":{\"@id\":\"https:\/\/checkinblog.it\/es\/que-ver-en-elche-comunidad-valenciana-espana\/#primaryimage\"},\"image\":{\"@id\":\"https:\/\/checkinblog.it\/es\/que-ver-en-elche-comunidad-valenciana-espana\/#primaryimage\"},\"thumbnailUrl\":\"https:\/\/checkinblog.it\/wp-content\/uploads\/2019\/01\/que-ver-en-elche-comunidad-valenciana-espana.jpg\",\"datePublished\":\"2019-01-08T07:32:28+00:00\",\"dateModified\":\"2021-04-28T15:03:27+00:00\",\"description\":\"Conocida por el Palmeral de Elche, la ciudad del sur de Espa\u00f1a tiene una historia milenaria con un relevante patrimonio cultural para descubrir en un d\u00eda.\",\"breadcrumb\":{\"@id\":\"https:\/\/checkinblog.it\/es\/que-ver-en-elche-comunidad-valenciana-espana\/#breadcrumb\"},\"inLanguage\":\"es\",\"potentialAction\":[{\"@type\":\"ReadAction\",\"target\":[\"https:\/\/checkinblog.it\/es\/que-ver-en-elche-comunidad-valenciana-espana\/\"]}]},{\"@type\":\"ImageObject\",\"inLanguage\":\"es\",\"@id\":\"https:\/\/checkinblog.it\/es\/que-ver-en-elche-comunidad-valenciana-espana\/#primaryimage\",\"url\":\"https:\/\/checkinblog.it\/wp-content\/uploads\/2019\/01\/que-ver-en-elche-comunidad-valenciana-espana.jpg\",\"contentUrl\":\"https:\/\/checkinblog.it\/wp-content\/uploads\/2019\/01\/que-ver-en-elche-comunidad-valenciana-espana.jpg\",\"width\":1200,\"height\":900,\"caption\":\"El R\u00edo Vinalop\u00f3 en Elche (Espa\u00f1a)\"},{\"@type\":\"BreadcrumbList\",\"@id\":\"https:\/\/checkinblog.it\/es\/que-ver-en-elche-comunidad-valenciana-espana\/#breadcrumb\",\"itemListElement\":[{\"@type\":\"ListItem\",\"position\":1,\"name\":\"Home\",\"item\":\"https:\/\/checkinblog.it\/es\/\"},{\"@type\":\"ListItem\",\"position\":2,\"name\":\"Elche (provincia de Alicante), qu\u00e9 ver en la ciudad espa\u00f1ola con el Palmeral m\u00e1s grande de Europa\"}]},{\"@type\":\"WebSite\",\"@id\":\"https:\/\/checkinblog.it\/es\/#website\",\"url\":\"https:\/\/checkinblog.it\/es\/\",\"name\":\"CheckinBlog - Travel Blog\",\"description\":\"Travel blogger. Itinerari e consigli di viaggio su Scozia, Spagna e Liguria.\",\"publisher\":{\"@id\":\"https:\/\/checkinblog.it\/es\/#organization\"},\"potentialAction\":[{\"@type\":\"SearchAction\",\"target\":{\"@type\":\"EntryPoint\",\"urlTemplate\":\"https:\/\/checkinblog.it\/es\/?s={search_term_string}\"},\"query-input\":{\"@type\":\"PropertyValueSpecification\",\"valueRequired\":true,\"valueName\":\"search_term_string\"}}],\"inLanguage\":\"es\"},{\"@type\":\"Organization\",\"@id\":\"https:\/\/checkinblog.it\/es\/#organization\",\"name\":\"CheckinBlog - Travel Blog\",\"url\":\"https:\/\/checkinblog.it\/es\/\",\"logo\":{\"@type\":\"ImageObject\",\"inLanguage\":\"es\",\"@id\":\"https:\/\/checkinblog.it\/es\/#\/schema\/logo\/image\/\",\"url\":\"https:\/\/checkinblog.it\/wp-content\/uploads\/2020\/04\/cropped-Schermata-2020-04-10-alle-10.17.12-1.png\",\"contentUrl\":\"https:\/\/checkinblog.it\/wp-content\/uploads\/2020\/04\/cropped-Schermata-2020-04-10-alle-10.17.12-1.png\",\"width\":879,\"height\":251,\"caption\":\"CheckinBlog - Travel Blog\"},\"image\":{\"@id\":\"https:\/\/checkinblog.it\/es\/#\/schema\/logo\/image\/\"},\"sameAs\":[\"https:\/\/www.facebook.com\/checkinblog?ref=hl\",\"https:\/\/x.com\/Checkin_blog\"]},{\"@type\":\"Person\",\"@id\":\"https:\/\/checkinblog.it\/es\/#\/schema\/person\/a4263ee67f7d19fd41f503cc808642a9\",\"name\":\"Stefano Bagnasco\",\"image\":{\"@type\":\"ImageObject\",\"inLanguage\":\"es\",\"@id\":\"https:\/\/checkinblog.it\/es\/#\/schema\/person\/image\/\",\"url\":\"https:\/\/secure.gravatar.com\/avatar\/555b79a21568b71b6166a2f0fddde67f9d8c70966b46d40b7bee7323f9de0b30?s=96&d=mm&r=g\",\"contentUrl\":\"https:\/\/secure.gravatar.com\/avatar\/555b79a21568b71b6166a2f0fddde67f9d8c70966b46d40b7bee7323f9de0b30?s=96&d=mm&r=g\",\"caption\":\"Stefano Bagnasco\"},\"description\":\"Stefano, viaggiatore \\\"con un piede in Italia ed uno in Europa\\\". Appassionato di Scozia, Spagna, Austria e Liguria ed amante dei viaggi lenti alla scoperta degli angoli meno conosciuti di ogni destinazione.\",\"sameAs\":[\"https:\/\/www.facebook.com\/checkinblog\",\"https:\/\/www.instagram.com\/estebanbagna88\/\",\"https:\/\/www.linkedin.com\/in\/stefanobagnasco\",\"https:\/\/it.pinterest.com\/checkinblog\/\",\"https:\/\/x.com\/https:\/\/twitter.com\/Checkin_blog\"]}]}<\/script>\n<!-- \/ Yoast SEO plugin. -->","yoast_head_json":{"title":"Elche, qu\u00e9 ver y qu\u00e9 hacer en la ciudad Patrimonio de la Humanidad por la Unesco","description":"Conocida por el Palmeral de Elche, la ciudad del sur de Espa\u00f1a tiene una historia milenaria con un relevante patrimonio cultural para descubrir en un d\u00eda.","robots":{"index":"index","follow":"follow","max-snippet":"max-snippet:-1","max-image-preview":"max-image-preview:large","max-video-preview":"max-video-preview:-1"},"canonical":"https:\/\/checkinblog.it\/es\/que-ver-en-elche-comunidad-valenciana-espana\/","og_locale":"es_ES","og_type":"article","og_title":"Elche, qu\u00e9 ver y qu\u00e9 hacer en la ciudad Patrimonio de la Humanidad por la Unesco","og_description":"Conocida por el Palmeral de Elche, la ciudad del sur de Espa\u00f1a tiene una historia milenaria con un relevante patrimonio cultural para descubrir en un d\u00eda.","og_url":"https:\/\/checkinblog.it\/es\/que-ver-en-elche-comunidad-valenciana-espana\/","og_site_name":"CheckinBlog - Travel Blog","article_publisher":"https:\/\/www.facebook.com\/checkinblog?ref=hl","article_author":"https:\/\/www.facebook.com\/checkinblog","article_published_time":"2019-01-08T07:32:28+00:00","article_modified_time":"2021-04-28T15:03:27+00:00","og_image":[{"width":1200,"height":900,"url":"https:\/\/checkinblog.it\/wp-content\/uploads\/2019\/01\/que-ver-en-elche-comunidad-valenciana-espana.jpg","type":"image\/jpeg"}],"author":"Stefano Bagnasco","twitter_card":"summary_large_image","twitter_creator":"@https:\/\/twitter.com\/Checkin_blog","twitter_site":"@Checkin_blog","twitter_misc":{"Escrito por":"Stefano Bagnasco","Tiempo de lectura":"12 minutos"},"schema":{"@context":"https:\/\/schema.org","@graph":[{"@type":"Article","@id":"https:\/\/checkinblog.it\/es\/que-ver-en-elche-comunidad-valenciana-espana\/#article","isPartOf":{"@id":"https:\/\/checkinblog.it\/es\/que-ver-en-elche-comunidad-valenciana-espana\/"},"author":{"name":"Stefano Bagnasco","@id":"https:\/\/checkinblog.it\/es\/#\/schema\/person\/a4263ee67f7d19fd41f503cc808642a9"},"headline":"Elche (provincia de Alicante), qu\u00e9 ver en la ciudad espa\u00f1ola con el Palmeral m\u00e1s grande de Europa","datePublished":"2019-01-08T07:32:28+00:00","dateModified":"2021-04-28T15:03:27+00:00","mainEntityOfPage":{"@id":"https:\/\/checkinblog.it\/es\/que-ver-en-elche-comunidad-valenciana-espana\/"},"wordCount":1878,"commentCount":0,"publisher":{"@id":"https:\/\/checkinblog.it\/es\/#organization"},"image":{"@id":"https:\/\/checkinblog.it\/es\/que-ver-en-elche-comunidad-valenciana-espana\/#primaryimage"},"thumbnailUrl":"https:\/\/checkinblog.it\/wp-content\/uploads\/2019\/01\/que-ver-en-elche-comunidad-valenciana-espana.jpg","keywords":["#checkinVLC","Comunidad Valenciana","elche"],"articleSection":["Espa\u00f1a del sur","Visitar Espa\u00f1a"],"inLanguage":"es","potentialAction":[{"@type":"CommentAction","name":"Comment","target":["https:\/\/checkinblog.it\/es\/que-ver-en-elche-comunidad-valenciana-espana\/#respond"]}]},{"@type":"WebPage","@id":"https:\/\/checkinblog.it\/es\/que-ver-en-elche-comunidad-valenciana-espana\/","url":"https:\/\/checkinblog.it\/es\/que-ver-en-elche-comunidad-valenciana-espana\/","name":"Elche, qu\u00e9 ver y qu\u00e9 hacer en la ciudad Patrimonio de la Humanidad por la Unesco","isPartOf":{"@id":"https:\/\/checkinblog.it\/es\/#website"},"primaryImageOfPage":{"@id":"https:\/\/checkinblog.it\/es\/que-ver-en-elche-comunidad-valenciana-espana\/#primaryimage"},"image":{"@id":"https:\/\/checkinblog.it\/es\/que-ver-en-elche-comunidad-valenciana-espana\/#primaryimage"},"thumbnailUrl":"https:\/\/checkinblog.it\/wp-content\/uploads\/2019\/01\/que-ver-en-elche-comunidad-valenciana-espana.jpg","datePublished":"2019-01-08T07:32:28+00:00","dateModified":"2021-04-28T15:03:27+00:00","description":"Conocida por el Palmeral de Elche, la ciudad del sur de Espa\u00f1a tiene una historia milenaria con un relevante patrimonio cultural para descubrir en un d\u00eda.","breadcrumb":{"@id":"https:\/\/checkinblog.it\/es\/que-ver-en-elche-comunidad-valenciana-espana\/#breadcrumb"},"inLanguage":"es","potentialAction":[{"@type":"ReadAction","target":["https:\/\/checkinblog.it\/es\/que-ver-en-elche-comunidad-valenciana-espana\/"]}]},{"@type":"ImageObject","inLanguage":"es","@id":"https:\/\/checkinblog.it\/es\/que-ver-en-elche-comunidad-valenciana-espana\/#primaryimage","url":"https:\/\/checkinblog.it\/wp-content\/uploads\/2019\/01\/que-ver-en-elche-comunidad-valenciana-espana.jpg","contentUrl":"https:\/\/checkinblog.it\/wp-content\/uploads\/2019\/01\/que-ver-en-elche-comunidad-valenciana-espana.jpg","width":1200,"height":900,"caption":"El R\u00edo Vinalop\u00f3 en Elche (Espa\u00f1a)"},{"@type":"BreadcrumbList","@id":"https:\/\/checkinblog.it\/es\/que-ver-en-elche-comunidad-valenciana-espana\/#breadcrumb","itemListElement":[{"@type":"ListItem","position":1,"name":"Home","item":"https:\/\/checkinblog.it\/es\/"},{"@type":"ListItem","position":2,"name":"Elche (provincia de Alicante), qu\u00e9 ver en la ciudad espa\u00f1ola con el Palmeral m\u00e1s grande de Europa"}]},{"@type":"WebSite","@id":"https:\/\/checkinblog.it\/es\/#website","url":"https:\/\/checkinblog.it\/es\/","name":"CheckinBlog - Travel Blog","description":"Travel blogger. Itinerari e consigli di viaggio su Scozia, Spagna e Liguria.","publisher":{"@id":"https:\/\/checkinblog.it\/es\/#organization"},"potentialAction":[{"@type":"SearchAction","target":{"@type":"EntryPoint","urlTemplate":"https:\/\/checkinblog.it\/es\/?s={search_term_string}"},"query-input":{"@type":"PropertyValueSpecification","valueRequired":true,"valueName":"search_term_string"}}],"inLanguage":"es"},{"@type":"Organization","@id":"https:\/\/checkinblog.it\/es\/#organization","name":"CheckinBlog - Travel Blog","url":"https:\/\/checkinblog.it\/es\/","logo":{"@type":"ImageObject","inLanguage":"es","@id":"https:\/\/checkinblog.it\/es\/#\/schema\/logo\/image\/","url":"https:\/\/checkinblog.it\/wp-content\/uploads\/2020\/04\/cropped-Schermata-2020-04-10-alle-10.17.12-1.png","contentUrl":"https:\/\/checkinblog.it\/wp-content\/uploads\/2020\/04\/cropped-Schermata-2020-04-10-alle-10.17.12-1.png","width":879,"height":251,"caption":"CheckinBlog - Travel Blog"},"image":{"@id":"https:\/\/checkinblog.it\/es\/#\/schema\/logo\/image\/"},"sameAs":["https:\/\/www.facebook.com\/checkinblog?ref=hl","https:\/\/x.com\/Checkin_blog"]},{"@type":"Person","@id":"https:\/\/checkinblog.it\/es\/#\/schema\/person\/a4263ee67f7d19fd41f503cc808642a9","name":"Stefano Bagnasco","image":{"@type":"ImageObject","inLanguage":"es","@id":"https:\/\/checkinblog.it\/es\/#\/schema\/person\/image\/","url":"https:\/\/secure.gravatar.com\/avatar\/555b79a21568b71b6166a2f0fddde67f9d8c70966b46d40b7bee7323f9de0b30?s=96&d=mm&r=g","contentUrl":"https:\/\/secure.gravatar.com\/avatar\/555b79a21568b71b6166a2f0fddde67f9d8c70966b46d40b7bee7323f9de0b30?s=96&d=mm&r=g","caption":"Stefano Bagnasco"},"description":"Stefano, viaggiatore \"con un piede in Italia ed uno in Europa\". Appassionato di Scozia, Spagna, Austria e Liguria ed amante dei viaggi lenti alla scoperta degli angoli meno conosciuti di ogni destinazione.","sameAs":["https:\/\/www.facebook.com\/checkinblog","https:\/\/www.instagram.com\/estebanbagna88\/","https:\/\/www.linkedin.com\/in\/stefanobagnasco","https:\/\/it.pinterest.com\/checkinblog\/","https:\/\/x.com\/https:\/\/twitter.com\/Checkin_blog"]}]}},"_links":{"self":[{"href":"https:\/\/checkinblog.it\/es\/wp-json\/wp\/v2\/posts\/15560","targetHints":{"allow":["GET"]}}],"collection":[{"href":"https:\/\/checkinblog.it\/es\/wp-json\/wp\/v2\/posts"}],"about":[{"href":"https:\/\/checkinblog.it\/es\/wp-json\/wp\/v2\/types\/post"}],"author":[{"embeddable":true,"href":"https:\/\/checkinblog.it\/es\/wp-json\/wp\/v2\/users\/6"}],"replies":[{"embeddable":true,"href":"https:\/\/checkinblog.it\/es\/wp-json\/wp\/v2\/comments?post=15560"}],"version-history":[{"count":11,"href":"https:\/\/checkinblog.it\/es\/wp-json\/wp\/v2\/posts\/15560\/revisions"}],"predecessor-version":[{"id":24136,"href":"https:\/\/checkinblog.it\/es\/wp-json\/wp\/v2\/posts\/15560\/revisions\/24136"}],"wp:featuredmedia":[{"embeddable":true,"href":"https:\/\/checkinblog.it\/es\/wp-json\/wp\/v2\/media\/15974"}],"wp:attachment":[{"href":"https:\/\/checkinblog.it\/es\/wp-json\/wp\/v2\/media?parent=15560"}],"wp:term":[{"taxonomy":"category","embeddable":true,"href":"https:\/\/checkinblog.it\/es\/wp-json\/wp\/v2\/categories?post=15560"},{"taxonomy":"post_tag","embeddable":true,"href":"https:\/\/checkinblog.it\/es\/wp-json\/wp\/v2\/tags?post=15560"}],"curies":[{"name":"wp","href":"https:\/\/api.w.org\/{rel}","templated":true}]}}